{"id":18000,"date":"2022-02-24T20:15:43","date_gmt":"2022-02-24T19:15:43","guid":{"rendered":"https:\/\/ostrowskatv.pl\/?p=18000"},"modified":"2022-02-24T20:15:43","modified_gmt":"2022-02-24T19:15:43","slug":"byly-lzy-na-wiecu-poparcia-dla-ukrainy","status":"publish","type":"post","link":"https:\/\/ostrowskatv.pl\/?p=18000","title":{"rendered":"By\u0142y \u0142zy na wiecu poparcia dla Ukrainy"},"content":{"rendered":"<p><strong>W czwartkowy wiecz\u00f3r przed ostrowskim Ratuszem zebra\u0142o si\u0119 oko\u0142o 170 os\u00f3b. W\u015br\u00f3d byli przedstawiciele w\u0142adz lokalnych i parlamentarnych, mieszka\u0144cy Ostrowa oraz obywatele Ukrainy. Od\u015bpiewano i wys\u0142uchano hymnu Ukrainy oraz Polski. Na maszt wci\u0105gni\u0119ta ukrai\u0144sk\u0105 flag\u0119.\u00a0<\/strong><\/p>\n<p>Podczas przem\u00f3wie\u0144 pojawi\u0142y si\u0119 \u0142zy wzruszenia u Oleny, kt\u00f3ra pochodzi z Ukrainy, a przebywa w naszym mie\u015bcie.<\/p>\n<p><img loading=\"lazy\" decoding=\"async\" src=\"https:\/\/ostrowskatv.pl\/wp-content\/uploads\/2022\/02\/20220224_184953-01.jpeg\" alt=\"\" width=\"1366\" height=\"1025\" class=\"alignnone size-full wp-image-18012\" srcset=\"https:\/\/ostrowskatv.pl\/wp-content\/uploads\/2022\/02\/20220224_184953-01.jpeg 1366w, https:\/\/ostrowskatv.pl\/wp-content\/uploads\/2022\/02\/20220224_184953-01-300x225.jpeg 300w, https:\/\/ostrowskatv.pl\/wp-content\/uploads\/2022\/02\/20220224_184953-01-480x360.jpeg 480w\" sizes=\"auto, (max-width: 1366px) 100vw, 1366px\" \/><\/p>\n<p><img loading=\"lazy\" decoding=\"async\" src=\"https:\/\/ostrowskatv.pl\/wp-content\/uploads\/2022\/02\/20220224_181412-01.jpeg\" alt=\"\" width=\"1366\" height=\"1025\" class=\"alignnone size-full wp-image-18011\" srcset=\"https:\/\/ostrowskatv.pl\/wp-content\/uploads\/2022\/02\/20220224_181412-01.jpeg 1366w, https:\/\/ostrowskatv.pl\/wp-content\/uploads\/2022\/02\/20220224_181412-01-300x225.jpeg 300w, https:\/\/ostrowskatv.pl\/wp-content\/uploads\/2022\/02\/20220224_181412-01-480x360.jpeg 480w\" sizes=\"auto, (max-width: 1366px) 100vw, 1366px\" \/><\/p>\n<p><img loading=\"lazy\" decoding=\"async\" src=\"https:\/\/ostrowskatv.pl\/wp-content\/uploads\/2022\/02\/20220224_181406-01.jpeg\" alt=\"\" width=\"1366\" height=\"1025\" class=\"alignnone size-full wp-image-18010\" srcset=\"https:\/\/ostrowskatv.pl\/wp-content\/uploads\/2022\/02\/20220224_181406-01.jpeg 1366w, https:\/\/ostrowskatv.pl\/wp-content\/uploads\/2022\/02\/20220224_181406-01-300x225.jpeg 300w, https:\/\/ostrowskatv.pl\/wp-content\/uploads\/2022\/02\/20220224_181406-01-480x360.jpeg 480w\" sizes=\"auto, (max-width: 1366px) 100vw, 1366px\" \/><\/p>\n<p><img loading=\"lazy\" decoding=\"async\" src=\"https:\/\/ostrowskatv.pl\/wp-content\/uploads\/2022\/02\/20220224_181355-01.jpeg\" alt=\"\" width=\"1366\" height=\"1025\" class=\"alignnone size-full wp-image-18009\" srcset=\"https:\/\/ostrowskatv.pl\/wp-content\/uploads\/2022\/02\/20220224_181355-01.jpeg 1366w, https:\/\/ostrowskatv.pl\/wp-content\/uploads\/2022\/02\/20220224_181355-01-300x225.jpeg 300w, https:\/\/ostrowskatv.pl\/wp-content\/uploads\/2022\/02\/20220224_181355-01-480x360.jpeg 480w\" sizes=\"auto, (max-width: 1366px) 100vw, 1366px\" \/><\/p>\n<p><img loading=\"lazy\" decoding=\"async\" src=\"https:\/\/ostrowskatv.pl\/wp-content\/uploads\/2022\/02\/20220224_181348-01.jpeg\" alt=\"\" width=\"1366\" height=\"1025\" class=\"alignnone size-full wp-image-18008\" srcset=\"https:\/\/ostrowskatv.pl\/wp-content\/uploads\/2022\/02\/20220224_181348-01.jpeg 1366w, https:\/\/ostrowskatv.pl\/wp-content\/uploads\/2022\/02\/20220224_181348-01-300x225.jpeg 300w, https:\/\/ostrowskatv.pl\/wp-content\/uploads\/2022\/02\/20220224_181348-01-480x360.jpeg 480w\" sizes=\"auto, (max-width: 1366px) 100vw, 1366px\" \/><\/p>\n<p><img loading=\"lazy\" decoding=\"async\" class=\"alignnone size-full wp-image-18003\" src=\"https:\/\/ostrowskatv.pl\/wp-content\/uploads\/2022\/02\/osw_ukr_01.jpg\" alt=\"\" width=\"1920\" height=\"1080\" srcset=\"https:\/\/ostrowskatv.pl\/wp-content\/uploads\/2022\/02\/osw_ukr_01.jpg 1920w, https:\/\/ostrowskatv.pl\/wp-content\/uploads\/2022\/02\/osw_ukr_01-300x169.jpg 300w, https:\/\/ostrowskatv.pl\/wp-content\/uploads\/2022\/02\/osw_ukr_01-640x360.jpg 640w, https:\/\/ostrowskatv.pl\/wp-content\/uploads\/2022\/02\/osw_ukr_01-1536x864.jpg 1536w\" sizes=\"auto, (max-width: 1920px) 100vw, 1920px\" \/> <img loading=\"lazy\" decoding=\"async\" class=\"alignnone size-full wp-image-18004\" src=\"https:\/\/ostrowskatv.pl\/wp-content\/uploads\/2022\/02\/osw_ukr_02.jpg\" alt=\"\" width=\"1920\" height=\"1080\" srcset=\"https:\/\/ostrowskatv.pl\/wp-content\/uploads\/2022\/02\/osw_ukr_02.jpg 1920w, https:\/\/ostrowskatv.pl\/wp-content\/uploads\/2022\/02\/osw_ukr_02-300x169.jpg 300w, https:\/\/ostrowskatv.pl\/wp-content\/uploads\/2022\/02\/osw_ukr_02-640x360.jpg 640w, https:\/\/ostrowskatv.pl\/wp-content\/uploads\/2022\/02\/osw_ukr_02-1536x864.jpg 1536w\" sizes=\"auto, (max-width: 1920px) 100vw, 1920px\" \/> <img loading=\"lazy\" decoding=\"async\" class=\"alignnone size-full wp-image-18005\" src=\"https:\/\/ostrowskatv.pl\/wp-content\/uploads\/2022\/02\/osw_ukr_03.jpg\" alt=\"\" width=\"1920\" height=\"1080\" srcset=\"https:\/\/ostrowskatv.pl\/wp-content\/uploads\/2022\/02\/osw_ukr_03.jpg 1920w, https:\/\/ostrowskatv.pl\/wp-content\/uploads\/2022\/02\/osw_ukr_03-300x169.jpg 300w, https:\/\/ostrowskatv.pl\/wp-content\/uploads\/2022\/02\/osw_ukr_03-640x360.jpg 640w, https:\/\/ostrowskatv.pl\/wp-content\/uploads\/2022\/02\/osw_ukr_03-1536x864.jpg 1536w\" sizes=\"auto, (max-width: 1920px) 100vw, 1920px\" \/> <img loading=\"lazy\" decoding=\"async\" class=\"alignnone size-full wp-image-18006\" src=\"https:\/\/ostrowskatv.pl\/wp-content\/uploads\/2022\/02\/osw_ukr_04.jpg\" alt=\"\" width=\"1920\" height=\"1080\" srcset=\"https:\/\/ostrowskatv.pl\/wp-content\/uploads\/2022\/02\/osw_ukr_04.jpg 1920w, https:\/\/ostrowskatv.pl\/wp-content\/uploads\/2022\/02\/osw_ukr_04-300x169.jpg 300w, https:\/\/ostrowskatv.pl\/wp-content\/uploads\/2022\/02\/osw_ukr_04-640x360.jpg 640w, https:\/\/ostrowskatv.pl\/wp-content\/uploads\/2022\/02\/osw_ukr_04-1536x864.jpg 1536w\" sizes=\"auto, (max-width: 1920px) 100vw, 1920px\" \/> <img loading=\"lazy\" decoding=\"async\" class=\"alignnone size-full wp-image-18007\" src=\"https:\/\/ostrowskatv.pl\/wp-content\/uploads\/2022\/02\/osw_ukr_05.jpg\" alt=\"\" width=\"1920\" height=\"1080\" srcset=\"https:\/\/ostrowskatv.pl\/wp-content\/uploads\/2022\/02\/osw_ukr_05.jpg 1920w, https:\/\/ostrowskatv.pl\/wp-content\/uploads\/2022\/02\/osw_ukr_05-300x169.jpg 300w, https:\/\/ostrowskatv.pl\/wp-content\/uploads\/2022\/02\/osw_ukr_05-640x360.jpg 640w, https:\/\/ostrowskatv.pl\/wp-content\/uploads\/2022\/02\/osw_ukr_05-1536x864.jpg 1536w\" sizes=\"auto, (max-width: 1920px) 100vw, 1920px\" \/><\/p>\n<p><iframe loading=\"lazy\" title=\"Ostr\u00f3w Wielkopolski - wiec poparcia dla Ukrainy po ataku przez Rosj\u0119\" width=\"747\" height=\"420\" src=\"https:\/\/www.youtube.com\/embed\/DAKrZz6NacY?feature=oembed\" frameborder=\"0\" allow=\"accelerometer; autoplay; clipboard-write; encrypted-media; gyroscope; picture-in-picture; web-share\" referrerpolicy=\"strict-origin-when-cross-origin\" allowfullscreen><\/iframe><\/p>\n<p>&nbsp;<\/p>\n","protected":false},"excerpt":{"rendered":"W czwartkowy wiecz\u00f3r przed ostrowskim Ratuszem zebra\u0142o si\u0119 oko\u0142o 170 os\u00f3b. W\u015br\u00f3d byli przedstawiciele w\u0142adz lokalnych i parlamentarnych, mieszka\u0144cy Ostrowa oraz obywatele Ukrainy. \n<a class=\"moretag\" href=\"https:\/\/ostrowskatv.pl\/?p=18000\"> [...]<\/a>","protected":false},"author":1,"featured_media":18005,"comment_status":"open","ping_status":"closed","sticky":false,"template":"","format":"standard","meta":{"footnotes":""},"categories":[1],"tags":[2],"class_list":["post-18000","post","type-post","status-publish","format-standard","has-post-thumbnail","hentry","category-news","tag-ostrow-wielkopolski"],"_links":{"self":[{"href":"https:\/\/ostrowskatv.pl\/index.php?rest_route=\/wp\/v2\/posts\/18000","targetHints":{"allow":["GET"]}}],"collection":[{"href":"https:\/\/ostrowskatv.pl\/index.php?rest_route=\/wp\/v2\/posts"}],"about":[{"href":"https:\/\/ostrowskatv.pl\/index.php?rest_route=\/wp\/v2\/types\/post"}],"author":[{"embeddable":true,"href":"https:\/\/ostrowskatv.pl\/index.php?rest_route=\/wp\/v2\/users\/1"}],"replies":[{"embeddable":true,"href":"https:\/\/ostrowskatv.pl\/index.php?rest_route=%2Fwp%2Fv2%2Fcomments&post=18000"}],"version-history":[{"count":0,"href":"https:\/\/ostrowskatv.pl\/index.php?rest_route=\/wp\/v2\/posts\/18000\/revisions"}],"wp:featuredmedia":[{"embeddable":true,"href":"https:\/\/ostrowskatv.pl\/index.php?rest_route=\/wp\/v2\/media\/18005"}],"wp:attachment":[{"href":"https:\/\/ostrowskatv.pl\/index.php?rest_route=%2Fwp%2Fv2%2Fmedia&parent=18000"}],"wp:term":[{"taxonomy":"category","embeddable":true,"href":"https:\/\/ostrowskatv.pl\/index.php?rest_route=%2Fwp%2Fv2%2Fcategories&post=18000"},{"taxonomy":"post_tag","embeddable":true,"href":"https:\/\/ostrowskatv.pl\/index.php?rest_route=%2Fwp%2Fv2%2Ftags&post=18000"}],"curies":[{"name":"wp","href":"https:\/\/api.w.org\/{rel}","templated":true}]}}