{"id":17972,"date":"2022-02-21T16:46:57","date_gmt":"2022-02-21T15:46:57","guid":{"rendered":"https:\/\/ostrowskatv.pl\/?p=17972"},"modified":"2022-02-21T16:46:57","modified_gmt":"2022-02-21T15:46:57","slug":"dwa-ciala-odnaleziono-w-mieszkaniu-bedzie-sekcja","status":"publish","type":"post","link":"https:\/\/ostrowskatv.pl\/?p=17972","title":{"rendered":"Dwa cia\u0142a odnaleziono w mieszkaniu. B\u0119dzie sekcja"},"content":{"rendered":"<p><strong>W sobotni poranek odkryto cia\u0142a dw\u00f3ch os\u00f3b w jednym z mieszka\u0144 przy ulicy Konopnickiej w Ostrowie Wielkopolskim. Odkrycia dokona\u0142a opiekunka. Wewn\u0105trz znajdowa\u0142y si\u0119 cia\u0142a 69-letniego m\u0119\u017cczyzny oraz 63-letniej kobiety. Pierwotnie lekarz wykluczy\u0142 udzia\u0142 os\u00f3b trzecich, ale kto\u015b jednak stwierdzi\u0142, \u017ce nie jest normalne kiedy umieraj\u0105 naraz dwie osoby i zdecydowano si\u0119 na przeprowadzenie sekcji zw\u0142ok.<\/strong><\/p>\n<p>Za najbardziej prawdopodobn\u0105 przyczyn\u0119 \u015bmierci wskazuje si\u0119 stan zdrowotny os\u00f3b.<\/p>\n","protected":false},"excerpt":{"rendered":"W sobotni poranek odkryto cia\u0142a dw\u00f3ch os\u00f3b w jednym z mieszka\u0144 przy ulicy Konopnickiej w Ostrowie Wielkopolskim. Odkrycia dokona\u0142a opiekunka. Wewn\u0105trz znajdowa\u0142y si\u0119 \n<a class=\"moretag\" href=\"https:\/\/ostrowskatv.pl\/?p=17972\"> [...]<\/a>","protected":false},"author":1,"featured_media":17803,"comment_status":"open","ping_status":"closed","sticky":false,"template":"","format":"standard","meta":{"footnotes":""},"categories":[1],"tags":[12],"class_list":["post-17972","post","type-post","status-publish","format-standard","has-post-thumbnail","hentry","category-news","tag-smierc"],"_links":{"self":[{"href":"https:\/\/ostrowskatv.pl\/index.php?rest_route=\/wp\/v2\/posts\/17972","targetHints":{"allow":["GET"]}}],"collection":[{"href":"https:\/\/ostrowskatv.pl\/index.php?rest_route=\/wp\/v2\/posts"}],"about":[{"href":"https:\/\/ostrowskatv.pl\/index.php?rest_route=\/wp\/v2\/types\/post"}],"author":[{"embeddable":true,"href":"https:\/\/ostrowskatv.pl\/index.php?rest_route=\/wp\/v2\/users\/1"}],"replies":[{"embeddable":true,"href":"https:\/\/ostrowskatv.pl\/index.php?rest_route=%2Fwp%2Fv2%2Fcomments&post=17972"}],"version-history":[{"count":0,"href":"https:\/\/ostrowskatv.pl\/index.php?rest_route=\/wp\/v2\/posts\/17972\/revisions"}],"wp:featuredmedia":[{"embeddable":true,"href":"https:\/\/ostrowskatv.pl\/index.php?rest_route=\/wp\/v2\/media\/17803"}],"wp:attachment":[{"href":"https:\/\/ostrowskatv.pl\/index.php?rest_route=%2Fwp%2Fv2%2Fmedia&parent=17972"}],"wp:term":[{"taxonomy":"category","embeddable":true,"href":"https:\/\/ostrowskatv.pl\/index.php?rest_route=%2Fwp%2Fv2%2Fcategories&post=17972"},{"taxonomy":"post_tag","embeddable":true,"href":"https:\/\/ostrowskatv.pl\/index.php?rest_route=%2Fwp%2Fv2%2Ftags&post=17972"}],"curies":[{"name":"wp","href":"https:\/\/api.w.org\/{rel}","templated":true}]}}