{"id":17968,"date":"2022-02-20T19:53:00","date_gmt":"2022-02-20T18:53:00","guid":{"rendered":"https:\/\/ostrowskatv.pl\/?p=17968"},"modified":"2022-02-20T19:53:00","modified_gmt":"2022-02-20T18:53:00","slug":"zamiast-do-garazu-wjechal-w-zywoplot","status":"publish","type":"post","link":"https:\/\/ostrowskatv.pl\/?p=17968","title":{"rendered":"Zamiast do gara\u017cu wjecha\u0142 w \u017cywop\u0142ot"},"content":{"rendered":"<p><strong>Przed p\u00f3\u0142noc\u0105 kierowca opla astry wykaza\u0142 si\u0119 brakiem rozumu i refleksu spowodowanego st\u0119\u017ceniem alkoholu w organi\u017amie. Wyje\u017cd\u017caj\u0105c z drogi nie trafi\u0142 w gara\u017c, a wjecha\u0142 w \u017cywop\u0142ot. <\/strong><\/p>\n<p>Obywatel Ukrainy zje\u017cd\u017caj\u0105c z drogi wjecha\u0142 na chodnik, a nast\u0119pnie sforsowa\u0142 zielone ogrodzenie posesji w Przygodzicach. Gdyby jeszcze trafi\u0142 w gara\u017c to mo\u017cna by m\u00f3wi\u0107 o \u015bwietnym refleksie. Tego jednak nie mog\u0142o by\u0107 przy st\u0119\u017ceniu 1,5 promila alkoholu. <\/p>\n<p>Jecha\u0142 z nim jeszcze jeden m\u0119\u017cczyzna. Obaj nie ucierpieli i zostali zatrzymani przez policjant\u00f3w.<\/p>\n<p>Teraz dowiedz\u0105 si\u0119 w praktyce jaki katalog kar na nich czeka.<\/p>\n<p>Sprawca otrzyma grzywn\u0119 uzale\u017cnion\u0105 od dochodu (od 10 do 540 stawek dziennych; od 10 do 2000 z\u0142otych za stawk\u0119 dzienn\u0105),<br \/>\nograniczenie wolno\u015bci lub pozbawienie wolno\u015bci do 2 lat;<\/p>\n<p>zakaz prowadzenia pojazd\u00f3w na okres od 3 do 15 lat;<\/p>\n<p>od 5000 do 60 000 z\u0142otych na rzecz Funduszu Pomocy Pokrzywdzonym oraz Pomocy Postpenitencjarnej.<\/p>\n<p><img loading=\"lazy\" decoding=\"async\" src=\"https:\/\/ostrowskatv.pl\/wp-content\/uploads\/2022\/02\/Alk-przyg02.jpeg\" alt=\"\" width=\"1365\" height=\"768\" class=\"alignnone size-full wp-image-17969\" srcset=\"https:\/\/ostrowskatv.pl\/wp-content\/uploads\/2022\/02\/Alk-przyg02.jpeg 1365w, https:\/\/ostrowskatv.pl\/wp-content\/uploads\/2022\/02\/Alk-przyg02-300x169.jpeg 300w, https:\/\/ostrowskatv.pl\/wp-content\/uploads\/2022\/02\/Alk-przyg02-640x360.jpeg 640w\" sizes=\"auto, (max-width: 1365px) 100vw, 1365px\" \/><\/p>\n<p><img loading=\"lazy\" decoding=\"async\" src=\"https:\/\/ostrowskatv.pl\/wp-content\/uploads\/2022\/02\/Alk-przyg01.jpeg\" alt=\"\" width=\"768\" height=\"1365\" class=\"alignnone size-full wp-image-17970\" srcset=\"https:\/\/ostrowskatv.pl\/wp-content\/uploads\/2022\/02\/Alk-przyg01.jpeg 768w, https:\/\/ostrowskatv.pl\/wp-content\/uploads\/2022\/02\/Alk-przyg01-169x300.jpeg 169w, https:\/\/ostrowskatv.pl\/wp-content\/uploads\/2022\/02\/Alk-przyg01-203x360.jpeg 203w\" sizes=\"auto, (max-width: 768px) 100vw, 768px\" \/><\/p>\n","protected":false},"excerpt":{"rendered":"Przed p\u00f3\u0142noc\u0105 kierowca opla astry wykaza\u0142 si\u0119 brakiem rozumu i refleksu spowodowanego st\u0119\u017ceniem alkoholu w organi\u017amie. Wyje\u017cd\u017caj\u0105c z drogi nie trafi\u0142 w gara\u017c, \n<a class=\"moretag\" href=\"https:\/\/ostrowskatv.pl\/?p=17968\"> [...]<\/a>","protected":false},"author":1,"featured_media":17969,"comment_status":"open","ping_status":"closed","sticky":false,"template":"","format":"standard","meta":{"footnotes":""},"categories":[1],"tags":[4],"class_list":["post-17968","post","type-post","status-publish","format-standard","has-post-thumbnail","hentry","category-news","tag-alkohol"],"_links":{"self":[{"href":"https:\/\/ostrowskatv.pl\/index.php?rest_route=\/wp\/v2\/posts\/17968","targetHints":{"allow":["GET"]}}],"collection":[{"href":"https:\/\/ostrowskatv.pl\/index.php?rest_route=\/wp\/v2\/posts"}],"about":[{"href":"https:\/\/ostrowskatv.pl\/index.php?rest_route=\/wp\/v2\/types\/post"}],"author":[{"embeddable":true,"href":"https:\/\/ostrowskatv.pl\/index.php?rest_route=\/wp\/v2\/users\/1"}],"replies":[{"embeddable":true,"href":"https:\/\/ostrowskatv.pl\/index.php?rest_route=%2Fwp%2Fv2%2Fcomments&post=17968"}],"version-history":[{"count":0,"href":"https:\/\/ostrowskatv.pl\/index.php?rest_route=\/wp\/v2\/posts\/17968\/revisions"}],"wp:featuredmedia":[{"embeddable":true,"href":"https:\/\/ostrowskatv.pl\/index.php?rest_route=\/wp\/v2\/media\/17969"}],"wp:attachment":[{"href":"https:\/\/ostrowskatv.pl\/index.php?rest_route=%2Fwp%2Fv2%2Fmedia&parent=17968"}],"wp:term":[{"taxonomy":"category","embeddable":true,"href":"https:\/\/ostrowskatv.pl\/index.php?rest_route=%2Fwp%2Fv2%2Fcategories&post=17968"},{"taxonomy":"post_tag","embeddable":true,"href":"https:\/\/ostrowskatv.pl\/index.php?rest_route=%2Fwp%2Fv2%2Ftags&post=17968"}],"curies":[{"name":"wp","href":"https:\/\/api.w.org\/{rel}","templated":true}]}}