{"id":17958,"date":"2022-02-19T09:23:41","date_gmt":"2022-02-19T08:23:41","guid":{"rendered":"https:\/\/ostrowskatv.pl\/?p=17958"},"modified":"2022-02-19T09:23:49","modified_gmt":"2022-02-19T08:23:49","slug":"wiatr-zdmuchnal-dodtawczaka","status":"publish","type":"post","link":"https:\/\/ostrowskatv.pl\/?p=17958","title":{"rendered":"Wiatr zdmuchn\u0105\u0142 dostawczaka"},"content":{"rendered":"<p><strong>Pot\u0119\u017cny wiatr zdmuchn\u0105\u0142 samoch\u00f3d dostawczy z przyczep\u0105 w miejscowo\u015bci Szczury na drodze krajowej nr 11. Po zdarzeniu droga zosta\u0142a ca\u0142kowicie zablokowana.<\/strong><\/p>\n<p>Samoch\u00f3d nic nie przewozi\u0142 i dlatego plandeka niczym \u017cagiel doprowadzi\u0142a do przewr\u00f3cenia si\u0119 przyczepy. Prz\u00f3d zosta\u0142 postawiony na przednich ko\u0142ach. W zdarzeniu nikt nie ucierpia\u0142.<\/p>\n<p><img loading=\"lazy\" decoding=\"async\" src=\"https:\/\/ostrowskatv.pl\/wp-content\/uploads\/2022\/02\/20220219_090906-01.jpeg\" alt=\"\" width=\"1366\" height=\"812\" class=\"alignnone size-full wp-image-17960\" srcset=\"https:\/\/ostrowskatv.pl\/wp-content\/uploads\/2022\/02\/20220219_090906-01.jpeg 1366w, https:\/\/ostrowskatv.pl\/wp-content\/uploads\/2022\/02\/20220219_090906-01-300x178.jpeg 300w, https:\/\/ostrowskatv.pl\/wp-content\/uploads\/2022\/02\/20220219_090906-01-606x360.jpeg 606w\" sizes=\"auto, (max-width: 1366px) 100vw, 1366px\" \/><\/p>\n<p><img loading=\"lazy\" decoding=\"async\" src=\"https:\/\/ostrowskatv.pl\/wp-content\/uploads\/2022\/02\/20220219_091231-01.jpeg\" alt=\"\" width=\"1366\" height=\"634\" class=\"alignnone size-full wp-image-17961\" srcset=\"https:\/\/ostrowskatv.pl\/wp-content\/uploads\/2022\/02\/20220219_091231-01.jpeg 1366w, https:\/\/ostrowskatv.pl\/wp-content\/uploads\/2022\/02\/20220219_091231-01-300x139.jpeg 300w, https:\/\/ostrowskatv.pl\/wp-content\/uploads\/2022\/02\/20220219_091231-01-640x297.jpeg 640w\" sizes=\"auto, (max-width: 1366px) 100vw, 1366px\" \/><\/p>\n<p><img loading=\"lazy\" decoding=\"async\" src=\"https:\/\/ostrowskatv.pl\/wp-content\/uploads\/2022\/02\/20220219_091239-01.jpeg\" alt=\"\" width=\"1366\" height=\"1025\" class=\"alignnone size-full wp-image-17962\" srcset=\"https:\/\/ostrowskatv.pl\/wp-content\/uploads\/2022\/02\/20220219_091239-01.jpeg 1366w, https:\/\/ostrowskatv.pl\/wp-content\/uploads\/2022\/02\/20220219_091239-01-300x225.jpeg 300w, https:\/\/ostrowskatv.pl\/wp-content\/uploads\/2022\/02\/20220219_091239-01-480x360.jpeg 480w\" sizes=\"auto, (max-width: 1366px) 100vw, 1366px\" \/><\/p>\n","protected":false},"excerpt":{"rendered":"Pot\u0119\u017cny wiatr zdmuchn\u0105\u0142 samoch\u00f3d dostawczy z przyczep\u0105 w miejscowo\u015bci Szczury na drodze krajowej nr 11. Po zdarzeniu droga zosta\u0142a ca\u0142kowicie zablokowana. Samoch\u00f3d nic \n<a class=\"moretag\" href=\"https:\/\/ostrowskatv.pl\/?p=17958\"> [...]<\/a>","protected":false},"author":1,"featured_media":17960,"comment_status":"open","ping_status":"closed","sticky":false,"template":"","format":"standard","meta":{"footnotes":""},"categories":[1],"tags":[11],"class_list":["post-17958","post","type-post","status-publish","format-standard","has-post-thumbnail","hentry","category-news","tag-wypadek"],"_links":{"self":[{"href":"https:\/\/ostrowskatv.pl\/index.php?rest_route=\/wp\/v2\/posts\/17958","targetHints":{"allow":["GET"]}}],"collection":[{"href":"https:\/\/ostrowskatv.pl\/index.php?rest_route=\/wp\/v2\/posts"}],"about":[{"href":"https:\/\/ostrowskatv.pl\/index.php?rest_route=\/wp\/v2\/types\/post"}],"author":[{"embeddable":true,"href":"https:\/\/ostrowskatv.pl\/index.php?rest_route=\/wp\/v2\/users\/1"}],"replies":[{"embeddable":true,"href":"https:\/\/ostrowskatv.pl\/index.php?rest_route=%2Fwp%2Fv2%2Fcomments&post=17958"}],"version-history":[{"count":0,"href":"https:\/\/ostrowskatv.pl\/index.php?rest_route=\/wp\/v2\/posts\/17958\/revisions"}],"wp:featuredmedia":[{"embeddable":true,"href":"https:\/\/ostrowskatv.pl\/index.php?rest_route=\/wp\/v2\/media\/17960"}],"wp:attachment":[{"href":"https:\/\/ostrowskatv.pl\/index.php?rest_route=%2Fwp%2Fv2%2Fmedia&parent=17958"}],"wp:term":[{"taxonomy":"category","embeddable":true,"href":"https:\/\/ostrowskatv.pl\/index.php?rest_route=%2Fwp%2Fv2%2Fcategories&post=17958"},{"taxonomy":"post_tag","embeddable":true,"href":"https:\/\/ostrowskatv.pl\/index.php?rest_route=%2Fwp%2Fv2%2Ftags&post=17958"}],"curies":[{"name":"wp","href":"https:\/\/api.w.org\/{rel}","templated":true}]}}