{"id":1795,"date":"2016-07-11T17:07:56","date_gmt":"2016-07-11T16:07:56","guid":{"rendered":"http:\/\/ostrowska.tv\/?p=1795"},"modified":"2016-07-11T17:07:56","modified_gmt":"2016-07-11T16:07:56","slug":"19-letni-ostrowianin-spowodowal-wypadek-w-raszkowie","status":"publish","type":"post","link":"https:\/\/ostrowskatv.pl\/?p=1795","title":{"rendered":"19-letni ostrowianin spowodowa\u0142 wypadek w Raszkowie"},"content":{"rendered":"<p><strong>W sobot\u0119 oko\u0142o godziny 18:00 w Raszkowie na przeciwko komisariatu policji dosz\u0142o do zderzenia dw\u00f3ch aut. 19-letni ostrowianin kieruj\u0105c Renault Lagun\u0105 jad\u0105c od Ostrowa postanowi\u0142 skr\u0119ci\u0107 w lewo. Nie dostrzeg\u0142 nadje\u017cd\u017caj\u0105cego z przeciwka Renault Megane kierowanego przez 28-latka z powiatu pleszewskiego. Po kilkudziesi\u0119ciu minutach \u017ale poczu\u0142 si\u0119 m\u0119\u017cczyzna jad\u0105cy Renault Megane. Zosta\u0142a do niego zadysponowana karetka pogotowia.<\/strong><\/p>\n<div id='gallery-1' class='gallery galleryid-1795 gallery-columns-3 gallery-size-thumbnail'><figure class='gallery-item'>\n\t\t\t<div class='gallery-icon landscape'>\n\t\t\t\t<a href='https:\/\/ostrowskatv.pl\/?attachment_id=1797'><img loading=\"lazy\" decoding=\"async\" width=\"150\" height=\"150\" src=\"https:\/\/ostrowskatv.pl\/wp-content\/uploads\/2016\/07\/raszkow-zderzenie2-150x150.jpg\" class=\"attachment-thumbnail size-thumbnail\" alt=\"\" \/><\/a>\n\t\t\t<\/div><\/figure><figure class='gallery-item'>\n\t\t\t<div class='gallery-icon landscape'>\n\t\t\t\t<a href='https:\/\/ostrowskatv.pl\/?attachment_id=1796'><img loading=\"lazy\" decoding=\"async\" width=\"150\" height=\"150\" src=\"https:\/\/ostrowskatv.pl\/wp-content\/uploads\/2016\/07\/raszkow-zderzenie1-150x150.jpg\" class=\"attachment-thumbnail size-thumbnail\" alt=\"\" \/><\/a>\n\t\t\t<\/div><\/figure>\n\t\t<\/div>\n\n","protected":false},"excerpt":{"rendered":"W sobot\u0119 oko\u0142o godziny 18:00 w Raszkowie na przeciwko komisariatu policji dosz\u0142o do zderzenia dw\u00f3ch aut. 19-letni ostrowianin kieruj\u0105c Renault Lagun\u0105 jad\u0105c od \n<a class=\"moretag\" href=\"https:\/\/ostrowskatv.pl\/?p=1795\"> [...]<\/a>","protected":false},"author":1,"featured_media":1796,"comment_status":"open","ping_status":"open","sticky":false,"template":"","format":"standard","meta":{"footnotes":""},"categories":[1],"tags":[73],"class_list":["post-1795","post","type-post","status-publish","format-standard","has-post-thumbnail","hentry","category-news","tag-raszkow"],"_links":{"self":[{"href":"https:\/\/ostrowskatv.pl\/index.php?rest_route=\/wp\/v2\/posts\/1795","targetHints":{"allow":["GET"]}}],"collection":[{"href":"https:\/\/ostrowskatv.pl\/index.php?rest_route=\/wp\/v2\/posts"}],"about":[{"href":"https:\/\/ostrowskatv.pl\/index.php?rest_route=\/wp\/v2\/types\/post"}],"author":[{"embeddable":true,"href":"https:\/\/ostrowskatv.pl\/index.php?rest_route=\/wp\/v2\/users\/1"}],"replies":[{"embeddable":true,"href":"https:\/\/ostrowskatv.pl\/index.php?rest_route=%2Fwp%2Fv2%2Fcomments&post=1795"}],"version-history":[{"count":0,"href":"https:\/\/ostrowskatv.pl\/index.php?rest_route=\/wp\/v2\/posts\/1795\/revisions"}],"wp:featuredmedia":[{"embeddable":true,"href":"https:\/\/ostrowskatv.pl\/index.php?rest_route=\/wp\/v2\/media\/1796"}],"wp:attachment":[{"href":"https:\/\/ostrowskatv.pl\/index.php?rest_route=%2Fwp%2Fv2%2Fmedia&parent=1795"}],"wp:term":[{"taxonomy":"category","embeddable":true,"href":"https:\/\/ostrowskatv.pl\/index.php?rest_route=%2Fwp%2Fv2%2Fcategories&post=1795"},{"taxonomy":"post_tag","embeddable":true,"href":"https:\/\/ostrowskatv.pl\/index.php?rest_route=%2Fwp%2Fv2%2Ftags&post=1795"}],"curies":[{"name":"wp","href":"https:\/\/api.w.org\/{rel}","templated":true}]}}