{"id":17906,"date":"2022-02-17T14:06:37","date_gmt":"2022-02-17T13:06:37","guid":{"rendered":"https:\/\/ostrowskatv.pl\/?p=17906"},"modified":"2022-02-17T15:00:43","modified_gmt":"2022-02-17T14:00:43","slug":"najistotniejsze-zdarzenia-podczas-wichury-w-powiecie-ostrowskim","status":"publish","type":"post","link":"https:\/\/ostrowskatv.pl\/?p=17906","title":{"rendered":"Najistotniejsze zdarzenia podczas wichury w powiecie ostrowskim"},"content":{"rendered":"<p><strong>Przed godzin\u0105 6 rano podmuch wiatru spowodowa\u0142, \u017ce stra\u017cacy mieli co najmniej kilkana\u015bcie wyjazd\u00f3w na terenie powiatu ostrowskiego. W miejscowo\u015bci Strzy\u017cew podmuch wiatru zerwa\u0142 dach z budynku mieszkalnego. 8 os\u00f3b w tym czworo dzieci zosta\u0142o bez dachu nad g\u0142ow\u0105.<\/strong><\/p>\n<p>W miejscowo\u015bci Przygodzice przy ulicy Nowe Osiedle wiatr przewr\u00f3ci\u0142 panele fotowoltaiczne. W gminie Nowe Skalmierzyce od uderzenia pioruna zapali\u0142 si\u0119 st\u00f3g siana. Stra\u017cacy pilnowali a\u017c si\u0119 wypali, a ogie\u0144 si\u0119 nie rozprzestrzeni. We Wt\u00f3rku wiatr przy ulicy Zielonej zerwa\u0142 poszycie dachowe.<\/p>\n<p>U naszych s\u0105siad\u00f3w w Mikstacie zosta\u0142o zerwane poszycie z wie\u017cy ko\u015bcielnej.<\/p>\n<p>W Przygodzicach przy ulicy Wroc\u0142awskiej kolejna instalacja fotowoltwiczna zosta\u0142a uszkodzona przez wiatr. Stra\u017cacy pomagaj\u0105 je ustawi\u0107 na w\u0142a\u015bciwym miejscu. <\/p>\n<p><img loading=\"lazy\" decoding=\"async\" src=\"https:\/\/ostrowskatv.pl\/wp-content\/uploads\/2022\/02\/IMG_20220217_145716-01.jpeg\" alt=\"\" width=\"1366\" height=\"898\" class=\"alignnone size-full wp-image-17910\" srcset=\"https:\/\/ostrowskatv.pl\/wp-content\/uploads\/2022\/02\/IMG_20220217_145716-01.jpeg 1366w, https:\/\/ostrowskatv.pl\/wp-content\/uploads\/2022\/02\/IMG_20220217_145716-01-300x197.jpeg 300w, https:\/\/ostrowskatv.pl\/wp-content\/uploads\/2022\/02\/IMG_20220217_145716-01-548x360.jpeg 548w\" sizes=\"auto, (max-width: 1366px) 100vw, 1366px\" \/><\/p>\n<p>W pobli\u017cu z naczepy wiatr zwia\u0142 plandek\u0119. <\/p>\n<p><img loading=\"lazy\" decoding=\"async\" src=\"https:\/\/ostrowskatv.pl\/wp-content\/uploads\/2022\/02\/IMG_20220217_145714-01.jpeg\" alt=\"\" width=\"1366\" height=\"767\" class=\"alignnone size-full wp-image-17911\" srcset=\"https:\/\/ostrowskatv.pl\/wp-content\/uploads\/2022\/02\/IMG_20220217_145714-01.jpeg 1366w, https:\/\/ostrowskatv.pl\/wp-content\/uploads\/2022\/02\/IMG_20220217_145714-01-300x168.jpeg 300w, https:\/\/ostrowskatv.pl\/wp-content\/uploads\/2022\/02\/IMG_20220217_145714-01-640x360.jpeg 640w\" sizes=\"auto, (max-width: 1366px) 100vw, 1366px\" \/><\/p>\n","protected":false},"excerpt":{"rendered":"Przed godzin\u0105 6 rano podmuch wiatru spowodowa\u0142, \u017ce stra\u017cacy mieli co najmniej kilkana\u015bcie wyjazd\u00f3w na terenie powiatu ostrowskiego. W miejscowo\u015bci Strzy\u017cew podmuch wiatru \n<a class=\"moretag\" href=\"https:\/\/ostrowskatv.pl\/?p=17906\"> [...]<\/a>","protected":false},"author":1,"featured_media":17907,"comment_status":"open","ping_status":"closed","sticky":false,"template":"","format":"standard","meta":{"footnotes":""},"categories":[1],"tags":[230],"class_list":["post-17906","post","type-post","status-publish","format-standard","has-post-thumbnail","hentry","category-news","tag-wiatr"],"_links":{"self":[{"href":"https:\/\/ostrowskatv.pl\/index.php?rest_route=\/wp\/v2\/posts\/17906","targetHints":{"allow":["GET"]}}],"collection":[{"href":"https:\/\/ostrowskatv.pl\/index.php?rest_route=\/wp\/v2\/posts"}],"about":[{"href":"https:\/\/ostrowskatv.pl\/index.php?rest_route=\/wp\/v2\/types\/post"}],"author":[{"embeddable":true,"href":"https:\/\/ostrowskatv.pl\/index.php?rest_route=\/wp\/v2\/users\/1"}],"replies":[{"embeddable":true,"href":"https:\/\/ostrowskatv.pl\/index.php?rest_route=%2Fwp%2Fv2%2Fcomments&post=17906"}],"version-history":[{"count":0,"href":"https:\/\/ostrowskatv.pl\/index.php?rest_route=\/wp\/v2\/posts\/17906\/revisions"}],"wp:featuredmedia":[{"embeddable":true,"href":"https:\/\/ostrowskatv.pl\/index.php?rest_route=\/wp\/v2\/media\/17907"}],"wp:attachment":[{"href":"https:\/\/ostrowskatv.pl\/index.php?rest_route=%2Fwp%2Fv2%2Fmedia&parent=17906"}],"wp:term":[{"taxonomy":"category","embeddable":true,"href":"https:\/\/ostrowskatv.pl\/index.php?rest_route=%2Fwp%2Fv2%2Fcategories&post=17906"},{"taxonomy":"post_tag","embeddable":true,"href":"https:\/\/ostrowskatv.pl\/index.php?rest_route=%2Fwp%2Fv2%2Ftags&post=17906"}],"curies":[{"name":"wp","href":"https:\/\/api.w.org\/{rel}","templated":true}]}}