{"id":17899,"date":"2022-02-17T13:43:53","date_gmt":"2022-02-17T12:43:53","guid":{"rendered":"https:\/\/ostrowskatv.pl\/?p=17899"},"modified":"2022-02-17T13:43:53","modified_gmt":"2022-02-17T12:43:53","slug":"drzewo-spadlo-na-mezczyzne","status":"publish","type":"post","link":"https:\/\/ostrowskatv.pl\/?p=17899","title":{"rendered":"Drzewo spad\u0142o na m\u0119\u017cczyzn\u0119"},"content":{"rendered":"<p><strong>O godzinie 13 na ulicy Mahoniowej w Ostrowie Wielkopolskim dosz\u0142o do zdarzenia spowodowanego przez porywisty wiatr. Dojrza\u0142y wiekiem m\u0119\u017cczyzna wsiadaj\u0105c do samochodu zosta\u0142 uderzony w ty\u0142 g\u0142owy przez przewracaj\u0105ce si\u0119 drzewo. <\/strong><\/p>\n<p>Na miejsce wys\u0142ano stra\u017cak\u00f3w, pogotowie ratunkowe oraz policj\u0119. M\u0119\u017cczyzna by\u0142 przytomny.<\/p>\n<p>Stra\u017cacy na ko\u0144cu akcji poci\u0119li drzewo na mniejsze kawa\u0142ki.<\/p>\n<p><img loading=\"lazy\" decoding=\"async\" src=\"https:\/\/ostrowskatv.pl\/wp-content\/uploads\/2022\/02\/Screenshot_20220217-133905_Photos-01.jpeg\" alt=\"\" width=\"1279\" height=\"698\" class=\"alignnone size-full wp-image-17901\" srcset=\"https:\/\/ostrowskatv.pl\/wp-content\/uploads\/2022\/02\/Screenshot_20220217-133905_Photos-01.jpeg 1279w, https:\/\/ostrowskatv.pl\/wp-content\/uploads\/2022\/02\/Screenshot_20220217-133905_Photos-01-300x164.jpeg 300w, https:\/\/ostrowskatv.pl\/wp-content\/uploads\/2022\/02\/Screenshot_20220217-133905_Photos-01-640x349.jpeg 640w\" sizes=\"auto, (max-width: 1279px) 100vw, 1279px\" \/><\/p>\n<p><img loading=\"lazy\" decoding=\"async\" src=\"https:\/\/ostrowskatv.pl\/wp-content\/uploads\/2022\/02\/20220217_130850-01.jpeg\" alt=\"\" width=\"1366\" height=\"936\" class=\"alignnone size-full wp-image-17902\" srcset=\"https:\/\/ostrowskatv.pl\/wp-content\/uploads\/2022\/02\/20220217_130850-01.jpeg 1366w, https:\/\/ostrowskatv.pl\/wp-content\/uploads\/2022\/02\/20220217_130850-01-300x206.jpeg 300w, https:\/\/ostrowskatv.pl\/wp-content\/uploads\/2022\/02\/20220217_130850-01-525x360.jpeg 525w\" sizes=\"auto, (max-width: 1366px) 100vw, 1366px\" \/><\/p>\n<p><img loading=\"lazy\" decoding=\"async\" src=\"https:\/\/ostrowskatv.pl\/wp-content\/uploads\/2022\/02\/20220217_130631-01.jpeg\" alt=\"\" width=\"1366\" height=\"769\" class=\"alignnone size-full wp-image-17903\" srcset=\"https:\/\/ostrowskatv.pl\/wp-content\/uploads\/2022\/02\/20220217_130631-01.jpeg 1366w, https:\/\/ostrowskatv.pl\/wp-content\/uploads\/2022\/02\/20220217_130631-01-300x169.jpeg 300w, https:\/\/ostrowskatv.pl\/wp-content\/uploads\/2022\/02\/20220217_130631-01-640x360.jpeg 640w\" sizes=\"auto, (max-width: 1366px) 100vw, 1366px\" \/><\/p>\n<p><img loading=\"lazy\" decoding=\"async\" src=\"https:\/\/ostrowskatv.pl\/wp-content\/uploads\/2022\/02\/20220217_130620-01.jpeg\" alt=\"\" width=\"1366\" height=\"769\" class=\"alignnone size-full wp-image-17904\" srcset=\"https:\/\/ostrowskatv.pl\/wp-content\/uploads\/2022\/02\/20220217_130620-01.jpeg 1366w, https:\/\/ostrowskatv.pl\/wp-content\/uploads\/2022\/02\/20220217_130620-01-300x169.jpeg 300w, https:\/\/ostrowskatv.pl\/wp-content\/uploads\/2022\/02\/20220217_130620-01-640x360.jpeg 640w\" sizes=\"auto, (max-width: 1366px) 100vw, 1366px\" \/><\/p>\n","protected":false},"excerpt":{"rendered":"O godzinie 13 na ulicy Mahoniowej w Ostrowie Wielkopolskim dosz\u0142o do zdarzenia spowodowanego przez porywisty wiatr. Dojrza\u0142y wiekiem m\u0119\u017cczyzna wsiadaj\u0105c do samochodu zosta\u0142 \n<a class=\"moretag\" href=\"https:\/\/ostrowskatv.pl\/?p=17899\"> [...]<\/a>","protected":false},"author":1,"featured_media":17901,"comment_status":"open","ping_status":"closed","sticky":false,"template":"","format":"standard","meta":{"footnotes":""},"categories":[1],"tags":[2],"class_list":["post-17899","post","type-post","status-publish","format-standard","has-post-thumbnail","hentry","category-news","tag-ostrow-wielkopolski"],"_links":{"self":[{"href":"https:\/\/ostrowskatv.pl\/index.php?rest_route=\/wp\/v2\/posts\/17899","targetHints":{"allow":["GET"]}}],"collection":[{"href":"https:\/\/ostrowskatv.pl\/index.php?rest_route=\/wp\/v2\/posts"}],"about":[{"href":"https:\/\/ostrowskatv.pl\/index.php?rest_route=\/wp\/v2\/types\/post"}],"author":[{"embeddable":true,"href":"https:\/\/ostrowskatv.pl\/index.php?rest_route=\/wp\/v2\/users\/1"}],"replies":[{"embeddable":true,"href":"https:\/\/ostrowskatv.pl\/index.php?rest_route=%2Fwp%2Fv2%2Fcomments&post=17899"}],"version-history":[{"count":0,"href":"https:\/\/ostrowskatv.pl\/index.php?rest_route=\/wp\/v2\/posts\/17899\/revisions"}],"wp:featuredmedia":[{"embeddable":true,"href":"https:\/\/ostrowskatv.pl\/index.php?rest_route=\/wp\/v2\/media\/17901"}],"wp:attachment":[{"href":"https:\/\/ostrowskatv.pl\/index.php?rest_route=%2Fwp%2Fv2%2Fmedia&parent=17899"}],"wp:term":[{"taxonomy":"category","embeddable":true,"href":"https:\/\/ostrowskatv.pl\/index.php?rest_route=%2Fwp%2Fv2%2Fcategories&post=17899"},{"taxonomy":"post_tag","embeddable":true,"href":"https:\/\/ostrowskatv.pl\/index.php?rest_route=%2Fwp%2Fv2%2Ftags&post=17899"}],"curies":[{"name":"wp","href":"https:\/\/api.w.org\/{rel}","templated":true}]}}