{"id":1786,"date":"2016-07-11T13:13:22","date_gmt":"2016-07-11T12:13:22","guid":{"rendered":"http:\/\/ostrowska.tv\/?p=1786"},"modified":"2016-07-11T13:50:57","modified_gmt":"2016-07-11T12:50:57","slug":"co-z-hala-przy-kusocinskiego-jest-problem-z-rozliczeniami","status":"publish","type":"post","link":"https:\/\/ostrowskatv.pl\/?p=1786","title":{"rendered":"Co z hal\u0105 przy Kusoci\u0144skiego? Jest problem z rozliczeniami"},"content":{"rendered":"<p><strong>Temat modernizacji hali przy ul. Kusoci\u0144skiego w Ostrowie Wlkp. powraca w\u00a0 kilkumiesi\u0119cznych odst\u0119pach. Wszystko za spraw\u0105 zmieniaj\u0105cych si\u0119 termin\u00f3w rozpocz\u0119cia remontu obiektu. Ostatnia deklaracja dotyczy\u0142a minionego ju\u017c czerwca br. Obecnie Pawe\u0142 Matuszewski z BM Slam Stal Ostr\u00f3w Wlkp. twierdzi, \u017ce po\u015blizg wynika z blokady powsta\u0142ej z powodu braku porozumienia z KS Stal w przedmiocie szeroko rozumianych rozlicze\u0144. Nieoficjalnie dowiedzieli\u015bmy si\u0119, \u017ce KS Stal oczekuje sp\u0142acenia kwoty wynikaj\u0105cej z umowy ze sprzeda\u017cy obiektu, a BM Slam Stal ma inne spojrzenie na t\u0119 kwesti\u0119.<\/strong><\/p>\n<p>Trudno nie odnie\u015b\u0107 wra\u017cenia, \u017ce kibicom co chwil\u0119 przedstawia si\u0119 nowe terminy. Czy kibice uwierz\u0105 w kolejne odsuni\u0119cie w czasie remontu hali? Do tej pory nie dotrzymywano s\u0142owa. Pierwotnie, w 2015 r. chciano rozbudowa\u0107 hal\u0119 w stron\u0119 firmy KaDa, ale na przeszkodzie mia\u0142a stan\u0105\u0107, zdaniem przedstawicieli klubu BM Slam Stal, zbyt wysoka kwota za odkup ziemi. P\u00f3\u017aniej wymy\u015blono koncepcj\u0119 wyj\u015bcia hali nad bie\u017cni\u0119, chc\u0105c obr\u00f3ci\u0107 boisko do gry o 90 stopni.<\/p>\n<p>W czerwcu mia\u0142 ruszy\u0107 remont. Jest po\u0142owa lipca, a \u017cadne prace nie s\u0105 wykonywane. Jak na to wszystko zapatruje si\u0119 <strong>Pawe\u0142 Matuszewski z BM Slam Stal Ostr\u00f3w Wlkp.<\/strong>?<\/p>\n<blockquote><p>Jeste\u015bmy na etapie rozm\u00f3w z KS Stal Ostr\u00f3w, a konkretnie z pani\u0105 Krystian\u0105 Drozd. Jest wiele rzeczy, kt\u00f3re s\u0105 ko\u015bci\u0105 niezgody. Na ten moment rozbudow\u0119 hali blokuje sp\u00f3r dotycz\u0105cy szeroko rozumianych rozlicze\u0144 z tym podmiotem.\u00a0 Jako BM Slam Stal Ostr\u00f3w Wlkp. wys\u0142ali\u015bmy w zesz\u0142ym tygodniu kolejne propozycje do pani Krystiany Drozd w sprawie rozlicze\u0144. Wyrazi\u0142a du\u017ce zainteresowanie naszymi propozycjami. Mam nadziej\u0119, \u017ce t\u0119 kwesti\u0119 uda si\u0119 rozwi\u0105za\u0107 na dniach. Nie przewidzia\u0142em takiego obrotu spraw, \u017ce te rozliczenia b\u0119d\u0105 tak rozbie\u017cne. I st\u0105d ten po\u015blizg czasowy. Mamy ju\u017c uprawomocnion\u0105 decyzj\u0119 na rozbi\u00f3rk\u0119 hali przy\u00a0ul. Kusoci\u0144skiego. Natomiast wniosek o pozwolenie na rozbudow\u0119 hali zosta\u0142 z\u0142o\u017cony i mam nadziej\u0119, \u017ce ju\u017c na dniach otrzymamy niezb\u0119dne dokumenty do rozbudowy K1. Walczymy o to, \u017ceby ta hala zosta\u0142a rozbudowana. Jednak nie wiemy kiedy b\u0119dziemy mogli wej\u015b\u0107 na teren hali, bo to jest uzale\u017cnione od uzgodnie\u0144 nt. rozlicze\u0144 z KS Stal. &#8211; powiedzia\u0142 <strong>Pawe\u0142 Matuszewski z BM Slam Stal Ostr\u00f3w Wlkp.<\/strong><\/p><\/blockquote>\n<p>Zarz\u0105d ekstraklasowego klubu jest bardzo zainteresowany powrotem koszyk\u00f3wki z Kalisza do Ostrowa Wlkp. Determinacja jest tak du\u017ca i\u017c zarz\u0105d rozwa\u017ca gr\u0119 w&#8230; przygimnazjalnej hali.<\/p>\n<blockquote><p>Widz\u0105c t\u0105 ca\u0142\u0105 sytuacj\u0119, kt\u00f3ra jest w tym momencie, chcemy si\u0119 zabezpieczy\u0107. Ten sezon b\u0119dzie na pewno rozegrany w Ostrowie Wlkp. Nie wiadomo jeszcze na jakiej hali. Prowadzimy rozmowy z Gimnazjami nr I i IV. Jedna z tych hal zosta\u0142a ju\u017c zaopiniowana przez Polsk\u0105 Lig\u0119 Koszyk\u00f3wki. Zam\u00f3wili\u015bmy ju\u017c kosze najazdowe. B\u0119d\u0105 te\u017c nowe tablice \u015bwietlne i liczniki diodowe nad koszami. Sprz\u0119t przyjedzie do nas z W\u0142och jeszcze w sierpniu. Dopinamy r\u00f3wnie\u017c temat zam\u00f3wienia trybun dla kibic\u00f3w, kt\u00f3re oczywi\u015bcie w przysz\u0142o\u015bci b\u0119d\u0105 wykorzystane na K1. &#8211; m\u00f3wi <strong>Pawe\u0142 Matuszewski z BM Slam Stal Ostr\u00f3w Wlkp.<\/strong><\/p><\/blockquote>\n<p>W kuluarach ostrowskiego sportu s\u0142ycha\u0107 g\u0142osu niezadowolenia z powodu tych alternatyw. Prosz\u0105cy o anonimowo\u015b\u0107 dzia\u0142acze twierdz\u0105, \u017ce przez pokazanie w relacji telewizyjnej przygimnazjalnej hali, Ostr\u00f3w Wlkp. wyjdzie jako za\u015bcianek. &#8211; By\u0142by to wstyd dla naszego miasta &#8211; twierdz\u0105.<\/p>\n<p>Kolejnym minusem tymczasowego przeniesienia rozgrywek do ma\u0142ej hali b\u0119dzie liczebno\u015b\u0107 kibic\u00f3w. Obecnie mo\u017ce si\u0119 tam pomie\u015bci\u0107 oko\u0142o 400 os\u00f3b. Podczas gdy na I lig\u0119 przychodzi\u0142o ok. 800 kibic\u00f3w. Wed\u0142ug wymogu licencyjnego hala z dodatkowymi trybunami musi pomie\u015bci\u0107 co najmniej 1200 os\u00f3b. Zapytali\u015bmy sk\u0105d nagle tak du\u017ca presja na ponown\u0105 gr\u0119 w Ostrowie Wlkp., nawet poza konkretn\u0105 hal\u0105?<\/p>\n<blockquote><p>Zar\u00f3wno my jako klub jak i wszyscy kibice, sponsorzy a przede wszystkim miasto z pani\u0105 Prezydent na czele chcemy gra\u0107 w Ostrowie Wlkp. W mie\u015bcie oraz hali pe\u0142nej tradycji koszyk\u00f3wki. To w\u0142a\u015bnie na K1 si\u0119 wychowa\u0142em i tam te\u017c chce wr\u00f3ci\u0107, aby doko\u0144czy\u0107 dzie\u0142o \u015b. p. Andrzeja Kowalczyka. Jestem przekonany \u017ce wsp\u00f3lnie z w\u0142odarzami miasta Ostrowa Wlkp. oraz z wszystkimi sympatykami ostrowskiej koszyk\u00f3wki osi\u0105gniemy wyznaczony cel. &#8211; doda\u0142 na zako\u0144czenie <strong>Pawe\u0142 Matuszewski z BM Slam Stal Ostr\u00f3w Wlkp.<\/strong><\/p><\/blockquote>\n<p>Pawe\u0142 Matuszewski jest daleki od jakichkolwiek gdyba\u0144 nt. optymistycznego zako\u0144czenia remontu hali. Nieoficjalnie przewiduje si\u0119 i\u017c mo\u017ce to by\u0107 I kwarta\u0142 2017 r. Zdaniem os\u00f3b zwi\u0105zanych ze \u015brodowiskiem sportowym, w Ostrowie Wlkp. ma wystarczy\u0107 hala o pojemno\u015bci 2-2,5 tys. os\u00f3b.<\/p>\n<p>&nbsp;<\/p>\n<p>&nbsp;<\/p>\n<p>&nbsp;<\/p>\n","protected":false},"excerpt":{"rendered":"Temat modernizacji hali przy ul. Kusoci\u0144skiego w Ostrowie Wlkp. powraca w\u00a0 kilkumiesi\u0119cznych odst\u0119pach. Wszystko za spraw\u0105 zmieniaj\u0105cych si\u0119 termin\u00f3w rozpocz\u0119cia remontu obiektu. Ostatnia \n<a class=\"moretag\" href=\"https:\/\/ostrowskatv.pl\/?p=1786\"> [...]<\/a>","protected":false},"author":1,"featured_media":1388,"comment_status":"open","ping_status":"open","sticky":false,"template":"","format":"standard","meta":{"footnotes":""},"categories":[1],"tags":[2],"class_list":["post-1786","post","type-post","status-publish","format-standard","has-post-thumbnail","hentry","category-news","tag-ostrow-wielkopolski"],"_links":{"self":[{"href":"https:\/\/ostrowskatv.pl\/index.php?rest_route=\/wp\/v2\/posts\/1786","targetHints":{"allow":["GET"]}}],"collection":[{"href":"https:\/\/ostrowskatv.pl\/index.php?rest_route=\/wp\/v2\/posts"}],"about":[{"href":"https:\/\/ostrowskatv.pl\/index.php?rest_route=\/wp\/v2\/types\/post"}],"author":[{"embeddable":true,"href":"https:\/\/ostrowskatv.pl\/index.php?rest_route=\/wp\/v2\/users\/1"}],"replies":[{"embeddable":true,"href":"https:\/\/ostrowskatv.pl\/index.php?rest_route=%2Fwp%2Fv2%2Fcomments&post=1786"}],"version-history":[{"count":0,"href":"https:\/\/ostrowskatv.pl\/index.php?rest_route=\/wp\/v2\/posts\/1786\/revisions"}],"wp:featuredmedia":[{"embeddable":true,"href":"https:\/\/ostrowskatv.pl\/index.php?rest_route=\/wp\/v2\/media\/1388"}],"wp:attachment":[{"href":"https:\/\/ostrowskatv.pl\/index.php?rest_route=%2Fwp%2Fv2%2Fmedia&parent=1786"}],"wp:term":[{"taxonomy":"category","embeddable":true,"href":"https:\/\/ostrowskatv.pl\/index.php?rest_route=%2Fwp%2Fv2%2Fcategories&post=1786"},{"taxonomy":"post_tag","embeddable":true,"href":"https:\/\/ostrowskatv.pl\/index.php?rest_route=%2Fwp%2Fv2%2Ftags&post=1786"}],"curies":[{"name":"wp","href":"https:\/\/api.w.org\/{rel}","templated":true}]}}