{"id":17845,"date":"2022-02-15T21:20:25","date_gmt":"2022-02-15T20:20:25","guid":{"rendered":"https:\/\/ostrowskatv.pl\/?p=17845"},"modified":"2022-02-15T21:49:44","modified_gmt":"2022-02-15T20:49:44","slug":"zwloki-chcieli-zakopac-za-domem-zdjecia","status":"publish","type":"post","link":"https:\/\/ostrowskatv.pl\/?p=17845","title":{"rendered":"Zw\u0142oki chcieli zakopa\u0107 za domem! (ZDJ\u0118CIA)"},"content":{"rendered":"<p><strong>Wobec wszystkich pi\u0119ciu pe\u0142noletnich podejrzanych S\u0105d Rejonowy w Ostrowie Wielkopolskim zastosowa\u0142 3-miesi\u0119czny areszt. Sz\u00f3sty podejrzany to 16-latek. W jego przypadku S\u0105d Rodzinny z Pleszewa podejmie decyzj\u0119 czy ma odpowiada\u0107 za zbrodni\u0119 jak osoba doros\u0142a.\u00a0<\/strong><\/p>\n<p>Na jaw wysz\u0142y nowe fakty. Sprawcy jechali do biura przy Placu Ko\u015bciuszki w Pleszewie w konkretnym celu. Zamierzali zamordowa\u0107 dw\u00f3ch biznesmen\u00f3w. \u015awiadcz\u0105 o tym ich zeznania oraz fakt, \u017ce wzi\u0119li ze sob\u0105 worki i \u0142opaty. W trakcie morderstwa dosz\u0142o mi\u0119dzy nimi do k\u0142\u00f3tni i plan poszed\u0142 wed\u0142ug innego scenariusza, kt\u00f3ry jak wida\u0107 by\u0142 niedoskona\u0142y.\u00a0Zw\u0142oki zamierzali zakopa\u0107 za jednym z dom\u00f3w.<\/p>\n<p>Dzi\u015b w s\u0105dzie i wczoraj w prokuraturze jeden ze sprawc\u00f3w mia\u0142 nog\u0119 w gipsie. To syn prowodyra ca\u0142ego zdarzenia.<\/p>\n<p>Podejrzani w s\u0105dzie byli bardzo pokorni, a jeden z nich p\u0142aka\u0142 na sali rozpraw. Prawdopodobnie dotar\u0142a do nich wizja, \u017ce do ko\u0144ca \u017cycia mog\u0105 ogl\u0105da\u0107 \u015bwiat przez wi\u0119zienne kraty.<\/p>\n<p><img loading=\"lazy\" decoding=\"async\" class=\"alignnone size-full wp-image-17846\" src=\"https:\/\/ostrowskatv.pl\/wp-content\/uploads\/2022\/02\/pleszew_areszt_01.jpg\" alt=\"\" width=\"1333\" height=\"719\" srcset=\"https:\/\/ostrowskatv.pl\/wp-content\/uploads\/2022\/02\/pleszew_areszt_01.jpg 1333w, https:\/\/ostrowskatv.pl\/wp-content\/uploads\/2022\/02\/pleszew_areszt_01-300x162.jpg 300w, https:\/\/ostrowskatv.pl\/wp-content\/uploads\/2022\/02\/pleszew_areszt_01-640x345.jpg 640w\" sizes=\"auto, (max-width: 1333px) 100vw, 1333px\" \/><\/p>\n<p><img loading=\"lazy\" decoding=\"async\" class=\"alignnone size-full wp-image-17847\" src=\"https:\/\/ostrowskatv.pl\/wp-content\/uploads\/2022\/02\/pleszew_areszt_02.jpg\" alt=\"\" width=\"1333\" height=\"750\" srcset=\"https:\/\/ostrowskatv.pl\/wp-content\/uploads\/2022\/02\/pleszew_areszt_02.jpg 1333w, https:\/\/ostrowskatv.pl\/wp-content\/uploads\/2022\/02\/pleszew_areszt_02-300x169.jpg 300w, https:\/\/ostrowskatv.pl\/wp-content\/uploads\/2022\/02\/pleszew_areszt_02-640x360.jpg 640w\" sizes=\"auto, (max-width: 1333px) 100vw, 1333px\" \/><\/p>\n<p><img loading=\"lazy\" decoding=\"async\" class=\"alignnone size-full wp-image-17848\" src=\"https:\/\/ostrowskatv.pl\/wp-content\/uploads\/2022\/02\/pleszew_areszt_04.jpg\" alt=\"\" width=\"1333\" height=\"879\" srcset=\"https:\/\/ostrowskatv.pl\/wp-content\/uploads\/2022\/02\/pleszew_areszt_04.jpg 1333w, https:\/\/ostrowskatv.pl\/wp-content\/uploads\/2022\/02\/pleszew_areszt_04-300x198.jpg 300w, https:\/\/ostrowskatv.pl\/wp-content\/uploads\/2022\/02\/pleszew_areszt_04-546x360.jpg 546w\" sizes=\"auto, (max-width: 1333px) 100vw, 1333px\" \/><\/p>\n<p><img loading=\"lazy\" decoding=\"async\" class=\"alignnone size-full wp-image-17849\" src=\"https:\/\/ostrowskatv.pl\/wp-content\/uploads\/2022\/02\/pleszew_areszt_05.jpg\" alt=\"\" width=\"804\" height=\"1080\" srcset=\"https:\/\/ostrowskatv.pl\/wp-content\/uploads\/2022\/02\/pleszew_areszt_05.jpg 804w, https:\/\/ostrowskatv.pl\/wp-content\/uploads\/2022\/02\/pleszew_areszt_05-223x300.jpg 223w, https:\/\/ostrowskatv.pl\/wp-content\/uploads\/2022\/02\/pleszew_areszt_05-268x360.jpg 268w\" sizes=\"auto, (max-width: 804px) 100vw, 804px\" \/><\/p>\n<p><img loading=\"lazy\" decoding=\"async\" class=\"alignnone size-full wp-image-17850\" src=\"https:\/\/ostrowskatv.pl\/wp-content\/uploads\/2022\/02\/pleszew_areszt_06.jpg\" alt=\"\" width=\"1333\" height=\"809\" srcset=\"https:\/\/ostrowskatv.pl\/wp-content\/uploads\/2022\/02\/pleszew_areszt_06.jpg 1333w, https:\/\/ostrowskatv.pl\/wp-content\/uploads\/2022\/02\/pleszew_areszt_06-300x182.jpg 300w, https:\/\/ostrowskatv.pl\/wp-content\/uploads\/2022\/02\/pleszew_areszt_06-593x360.jpg 593w\" sizes=\"auto, (max-width: 1333px) 100vw, 1333px\" \/><\/p>\n<p><img loading=\"lazy\" decoding=\"async\" class=\"alignnone size-full wp-image-17851\" src=\"https:\/\/ostrowskatv.pl\/wp-content\/uploads\/2022\/02\/pleszew_areszt_07.jpg\" alt=\"\" width=\"1333\" height=\"866\" srcset=\"https:\/\/ostrowskatv.pl\/wp-content\/uploads\/2022\/02\/pleszew_areszt_07.jpg 1333w, https:\/\/ostrowskatv.pl\/wp-content\/uploads\/2022\/02\/pleszew_areszt_07-300x195.jpg 300w, https:\/\/ostrowskatv.pl\/wp-content\/uploads\/2022\/02\/pleszew_areszt_07-554x360.jpg 554w\" sizes=\"auto, (max-width: 1333px) 100vw, 1333px\" \/><\/p>\n<p><img loading=\"lazy\" decoding=\"async\" class=\"alignnone size-full wp-image-17852\" src=\"https:\/\/ostrowskatv.pl\/wp-content\/uploads\/2022\/02\/pleszew_areszt_08.jpg\" alt=\"\" width=\"1333\" height=\"750\" srcset=\"https:\/\/ostrowskatv.pl\/wp-content\/uploads\/2022\/02\/pleszew_areszt_08.jpg 1333w, https:\/\/ostrowskatv.pl\/wp-content\/uploads\/2022\/02\/pleszew_areszt_08-300x169.jpg 300w, https:\/\/ostrowskatv.pl\/wp-content\/uploads\/2022\/02\/pleszew_areszt_08-640x360.jpg 640w\" sizes=\"auto, (max-width: 1333px) 100vw, 1333px\" \/><\/p>\n<p><img loading=\"lazy\" decoding=\"async\" class=\"alignnone size-full wp-image-17853\" src=\"https:\/\/ostrowskatv.pl\/wp-content\/uploads\/2022\/02\/pleszew_areszt_09.jpg\" alt=\"\" width=\"1333\" height=\"750\" srcset=\"https:\/\/ostrowskatv.pl\/wp-content\/uploads\/2022\/02\/pleszew_areszt_09.jpg 1333w, https:\/\/ostrowskatv.pl\/wp-content\/uploads\/2022\/02\/pleszew_areszt_09-300x169.jpg 300w, https:\/\/ostrowskatv.pl\/wp-content\/uploads\/2022\/02\/pleszew_areszt_09-640x360.jpg 640w\" sizes=\"auto, (max-width: 1333px) 100vw, 1333px\" \/><\/p>\n<p><img loading=\"lazy\" decoding=\"async\" class=\"alignnone size-full wp-image-17854\" src=\"https:\/\/ostrowskatv.pl\/wp-content\/uploads\/2022\/02\/pleszew_areszt_10.jpg\" alt=\"\" width=\"1333\" height=\"750\" srcset=\"https:\/\/ostrowskatv.pl\/wp-content\/uploads\/2022\/02\/pleszew_areszt_10.jpg 1333w, https:\/\/ostrowskatv.pl\/wp-content\/uploads\/2022\/02\/pleszew_areszt_10-300x169.jpg 300w, https:\/\/ostrowskatv.pl\/wp-content\/uploads\/2022\/02\/pleszew_areszt_10-640x360.jpg 640w\" sizes=\"auto, (max-width: 1333px) 100vw, 1333px\" \/><\/p>\n<p><img loading=\"lazy\" decoding=\"async\" class=\"alignnone size-full wp-image-17855\" src=\"https:\/\/ostrowskatv.pl\/wp-content\/uploads\/2022\/02\/pleszew_areszt_11.jpg\" alt=\"\" width=\"1333\" height=\"750\" srcset=\"https:\/\/ostrowskatv.pl\/wp-content\/uploads\/2022\/02\/pleszew_areszt_11.jpg 1333w, https:\/\/ostrowskatv.pl\/wp-content\/uploads\/2022\/02\/pleszew_areszt_11-300x169.jpg 300w, https:\/\/ostrowskatv.pl\/wp-content\/uploads\/2022\/02\/pleszew_areszt_11-640x360.jpg 640w\" sizes=\"auto, (max-width: 1333px) 100vw, 1333px\" \/><\/p>\n<p><img loading=\"lazy\" decoding=\"async\" class=\"alignnone size-full wp-image-17856\" src=\"https:\/\/ostrowskatv.pl\/wp-content\/uploads\/2022\/02\/pleszew_areszt_12.jpg\" alt=\"\" width=\"1333\" height=\"750\" srcset=\"https:\/\/ostrowskatv.pl\/wp-content\/uploads\/2022\/02\/pleszew_areszt_12.jpg 1333w, https:\/\/ostrowskatv.pl\/wp-content\/uploads\/2022\/02\/pleszew_areszt_12-300x169.jpg 300w, https:\/\/ostrowskatv.pl\/wp-content\/uploads\/2022\/02\/pleszew_areszt_12-640x360.jpg 640w\" sizes=\"auto, (max-width: 1333px) 100vw, 1333px\" \/><\/p>\n<p><img loading=\"lazy\" decoding=\"async\" class=\"alignnone size-full wp-image-17857\" src=\"https:\/\/ostrowskatv.pl\/wp-content\/uploads\/2022\/02\/pleszew_areszt_13.jpg\" alt=\"\" width=\"1333\" height=\"750\" srcset=\"https:\/\/ostrowskatv.pl\/wp-content\/uploads\/2022\/02\/pleszew_areszt_13.jpg 1333w, https:\/\/ostrowskatv.pl\/wp-content\/uploads\/2022\/02\/pleszew_areszt_13-300x169.jpg 300w, https:\/\/ostrowskatv.pl\/wp-content\/uploads\/2022\/02\/pleszew_areszt_13-640x360.jpg 640w\" sizes=\"auto, (max-width: 1333px) 100vw, 1333px\" \/><\/p>\n<p><img loading=\"lazy\" decoding=\"async\" class=\"alignnone size-full wp-image-17858\" src=\"https:\/\/ostrowskatv.pl\/wp-content\/uploads\/2022\/02\/pleszew_areszt_14.jpg\" alt=\"\" width=\"1333\" height=\"750\" srcset=\"https:\/\/ostrowskatv.pl\/wp-content\/uploads\/2022\/02\/pleszew_areszt_14.jpg 1333w, https:\/\/ostrowskatv.pl\/wp-content\/uploads\/2022\/02\/pleszew_areszt_14-300x169.jpg 300w, https:\/\/ostrowskatv.pl\/wp-content\/uploads\/2022\/02\/pleszew_areszt_14-640x360.jpg 640w\" sizes=\"auto, (max-width: 1333px) 100vw, 1333px\" \/><\/p>\n<p><img loading=\"lazy\" decoding=\"async\" class=\"alignnone size-full wp-image-17859\" src=\"https:\/\/ostrowskatv.pl\/wp-content\/uploads\/2022\/02\/pleszew_areszt_15.jpg\" alt=\"\" width=\"1333\" height=\"750\" srcset=\"https:\/\/ostrowskatv.pl\/wp-content\/uploads\/2022\/02\/pleszew_areszt_15.jpg 1333w, https:\/\/ostrowskatv.pl\/wp-content\/uploads\/2022\/02\/pleszew_areszt_15-300x169.jpg 300w, https:\/\/ostrowskatv.pl\/wp-content\/uploads\/2022\/02\/pleszew_areszt_15-640x360.jpg 640w\" sizes=\"auto, (max-width: 1333px) 100vw, 1333px\" \/><\/p>\n<p><img loading=\"lazy\" decoding=\"async\" class=\"alignnone size-full wp-image-17860\" src=\"https:\/\/ostrowskatv.pl\/wp-content\/uploads\/2022\/02\/pleszew_areszt_16.jpg\" alt=\"\" width=\"1333\" height=\"750\" srcset=\"https:\/\/ostrowskatv.pl\/wp-content\/uploads\/2022\/02\/pleszew_areszt_16.jpg 1333w, https:\/\/ostrowskatv.pl\/wp-content\/uploads\/2022\/02\/pleszew_areszt_16-300x169.jpg 300w, https:\/\/ostrowskatv.pl\/wp-content\/uploads\/2022\/02\/pleszew_areszt_16-640x360.jpg 640w\" sizes=\"auto, (max-width: 1333px) 100vw, 1333px\" \/><\/p>\n<p><img loading=\"lazy\" decoding=\"async\" class=\"alignnone size-full wp-image-17861\" src=\"https:\/\/ostrowskatv.pl\/wp-content\/uploads\/2022\/02\/pleszew_areszt_17.jpg\" alt=\"\" width=\"1920\" height=\"1080\" srcset=\"https:\/\/ostrowskatv.pl\/wp-content\/uploads\/2022\/02\/pleszew_areszt_17.jpg 1920w, https:\/\/ostrowskatv.pl\/wp-content\/uploads\/2022\/02\/pleszew_areszt_17-300x169.jpg 300w, https:\/\/ostrowskatv.pl\/wp-content\/uploads\/2022\/02\/pleszew_areszt_17-640x360.jpg 640w, https:\/\/ostrowskatv.pl\/wp-content\/uploads\/2022\/02\/pleszew_areszt_17-1536x864.jpg 1536w\" sizes=\"auto, (max-width: 1920px) 100vw, 1920px\" \/><\/p>\n<p><img loading=\"lazy\" decoding=\"async\" class=\"alignnone size-full wp-image-17862\" src=\"https:\/\/ostrowskatv.pl\/wp-content\/uploads\/2022\/02\/pleszew_areszt_18.jpg\" alt=\"\" width=\"1333\" height=\"750\" srcset=\"https:\/\/ostrowskatv.pl\/wp-content\/uploads\/2022\/02\/pleszew_areszt_18.jpg 1333w, https:\/\/ostrowskatv.pl\/wp-content\/uploads\/2022\/02\/pleszew_areszt_18-300x169.jpg 300w, https:\/\/ostrowskatv.pl\/wp-content\/uploads\/2022\/02\/pleszew_areszt_18-640x360.jpg 640w\" sizes=\"auto, (max-width: 1333px) 100vw, 1333px\" \/><\/p>\n<p><img loading=\"lazy\" decoding=\"async\" class=\"alignnone size-full wp-image-17863\" src=\"https:\/\/ostrowskatv.pl\/wp-content\/uploads\/2022\/02\/pleszew_areszt_19.jpg\" alt=\"\" width=\"1333\" height=\"750\" srcset=\"https:\/\/ostrowskatv.pl\/wp-content\/uploads\/2022\/02\/pleszew_areszt_19.jpg 1333w, https:\/\/ostrowskatv.pl\/wp-content\/uploads\/2022\/02\/pleszew_areszt_19-300x169.jpg 300w, https:\/\/ostrowskatv.pl\/wp-content\/uploads\/2022\/02\/pleszew_areszt_19-640x360.jpg 640w\" sizes=\"auto, (max-width: 1333px) 100vw, 1333px\" \/><\/p>\n<p><img loading=\"lazy\" decoding=\"async\" class=\"alignnone size-full wp-image-17864\" src=\"https:\/\/ostrowskatv.pl\/wp-content\/uploads\/2022\/02\/pleszew_areszt_20.jpg\" alt=\"\" width=\"1333\" height=\"750\" srcset=\"https:\/\/ostrowskatv.pl\/wp-content\/uploads\/2022\/02\/pleszew_areszt_20.jpg 1333w, https:\/\/ostrowskatv.pl\/wp-content\/uploads\/2022\/02\/pleszew_areszt_20-300x169.jpg 300w, https:\/\/ostrowskatv.pl\/wp-content\/uploads\/2022\/02\/pleszew_areszt_20-640x360.jpg 640w\" sizes=\"auto, (max-width: 1333px) 100vw, 1333px\" \/><\/p>\n<p><img loading=\"lazy\" decoding=\"async\" class=\"alignnone size-full wp-image-17865\" src=\"https:\/\/ostrowskatv.pl\/wp-content\/uploads\/2022\/02\/pleszew_areszt_21.jpg\" alt=\"\" width=\"1333\" height=\"749\" srcset=\"https:\/\/ostrowskatv.pl\/wp-content\/uploads\/2022\/02\/pleszew_areszt_21.jpg 1333w, https:\/\/ostrowskatv.pl\/wp-content\/uploads\/2022\/02\/pleszew_areszt_21-300x169.jpg 300w, https:\/\/ostrowskatv.pl\/wp-content\/uploads\/2022\/02\/pleszew_areszt_21-640x360.jpg 640w\" sizes=\"auto, (max-width: 1333px) 100vw, 1333px\" \/><\/p>\n<p><img loading=\"lazy\" decoding=\"async\" class=\"alignnone size-full wp-image-17866\" src=\"https:\/\/ostrowskatv.pl\/wp-content\/uploads\/2022\/02\/pleszew_areszt_22.jpg\" alt=\"\" width=\"1333\" height=\"750\" srcset=\"https:\/\/ostrowskatv.pl\/wp-content\/uploads\/2022\/02\/pleszew_areszt_22.jpg 1333w, https:\/\/ostrowskatv.pl\/wp-content\/uploads\/2022\/02\/pleszew_areszt_22-300x169.jpg 300w, https:\/\/ostrowskatv.pl\/wp-content\/uploads\/2022\/02\/pleszew_areszt_22-640x360.jpg 640w\" sizes=\"auto, (max-width: 1333px) 100vw, 1333px\" \/><\/p>\n<p><img loading=\"lazy\" decoding=\"async\" class=\"alignnone size-full wp-image-17867\" src=\"https:\/\/ostrowskatv.pl\/wp-content\/uploads\/2022\/02\/pleszew_areszt_23.jpg\" alt=\"\" width=\"1333\" height=\"750\" srcset=\"https:\/\/ostrowskatv.pl\/wp-content\/uploads\/2022\/02\/pleszew_areszt_23.jpg 1333w, https:\/\/ostrowskatv.pl\/wp-content\/uploads\/2022\/02\/pleszew_areszt_23-300x169.jpg 300w, https:\/\/ostrowskatv.pl\/wp-content\/uploads\/2022\/02\/pleszew_areszt_23-640x360.jpg 640w\" sizes=\"auto, (max-width: 1333px) 100vw, 1333px\" \/><\/p>\n<p><img loading=\"lazy\" decoding=\"async\" class=\"alignnone size-full wp-image-17868\" src=\"https:\/\/ostrowskatv.pl\/wp-content\/uploads\/2022\/02\/pleszew_areszt_24.jpg\" alt=\"\" width=\"1333\" height=\"750\" srcset=\"https:\/\/ostrowskatv.pl\/wp-content\/uploads\/2022\/02\/pleszew_areszt_24.jpg 1333w, https:\/\/ostrowskatv.pl\/wp-content\/uploads\/2022\/02\/pleszew_areszt_24-300x169.jpg 300w, https:\/\/ostrowskatv.pl\/wp-content\/uploads\/2022\/02\/pleszew_areszt_24-640x360.jpg 640w\" sizes=\"auto, (max-width: 1333px) 100vw, 1333px\" \/><\/p>\n<p><img loading=\"lazy\" decoding=\"async\" class=\"alignnone size-full wp-image-17869\" src=\"https:\/\/ostrowskatv.pl\/wp-content\/uploads\/2022\/02\/pleszew_areszt_25.jpg\" alt=\"\" width=\"1333\" height=\"750\" srcset=\"https:\/\/ostrowskatv.pl\/wp-content\/uploads\/2022\/02\/pleszew_areszt_25.jpg 1333w, https:\/\/ostrowskatv.pl\/wp-content\/uploads\/2022\/02\/pleszew_areszt_25-300x169.jpg 300w, https:\/\/ostrowskatv.pl\/wp-content\/uploads\/2022\/02\/pleszew_areszt_25-640x360.jpg 640w\" sizes=\"auto, (max-width: 1333px) 100vw, 1333px\" \/><\/p>\n<p><img loading=\"lazy\" decoding=\"async\" class=\"alignnone size-full wp-image-17870\" src=\"https:\/\/ostrowskatv.pl\/wp-content\/uploads\/2022\/02\/pleszew_areszt_26.jpg\" alt=\"\" width=\"1333\" height=\"750\" srcset=\"https:\/\/ostrowskatv.pl\/wp-content\/uploads\/2022\/02\/pleszew_areszt_26.jpg 1333w, https:\/\/ostrowskatv.pl\/wp-content\/uploads\/2022\/02\/pleszew_areszt_26-300x169.jpg 300w, https:\/\/ostrowskatv.pl\/wp-content\/uploads\/2022\/02\/pleszew_areszt_26-640x360.jpg 640w\" sizes=\"auto, (max-width: 1333px) 100vw, 1333px\" \/><\/p>\n<p><img loading=\"lazy\" decoding=\"async\" class=\"alignnone size-full wp-image-17871\" src=\"https:\/\/ostrowskatv.pl\/wp-content\/uploads\/2022\/02\/pleszew_areszt_27.jpg\" alt=\"\" width=\"1333\" height=\"750\" srcset=\"https:\/\/ostrowskatv.pl\/wp-content\/uploads\/2022\/02\/pleszew_areszt_27.jpg 1333w, https:\/\/ostrowskatv.pl\/wp-content\/uploads\/2022\/02\/pleszew_areszt_27-300x169.jpg 300w, https:\/\/ostrowskatv.pl\/wp-content\/uploads\/2022\/02\/pleszew_areszt_27-640x360.jpg 640w\" sizes=\"auto, (max-width: 1333px) 100vw, 1333px\" \/><\/p>\n<p><img loading=\"lazy\" decoding=\"async\" class=\"alignnone size-full wp-image-17872\" src=\"https:\/\/ostrowskatv.pl\/wp-content\/uploads\/2022\/02\/pleszew_areszt_28.jpg\" alt=\"\" width=\"1333\" height=\"750\" srcset=\"https:\/\/ostrowskatv.pl\/wp-content\/uploads\/2022\/02\/pleszew_areszt_28.jpg 1333w, https:\/\/ostrowskatv.pl\/wp-content\/uploads\/2022\/02\/pleszew_areszt_28-300x169.jpg 300w, https:\/\/ostrowskatv.pl\/wp-content\/uploads\/2022\/02\/pleszew_areszt_28-640x360.jpg 640w\" sizes=\"auto, (max-width: 1333px) 100vw, 1333px\" \/><\/p>\n<p><img loading=\"lazy\" decoding=\"async\" class=\"alignnone size-full wp-image-17873\" src=\"https:\/\/ostrowskatv.pl\/wp-content\/uploads\/2022\/02\/pleszew_areszt_29.jpg\" alt=\"\" width=\"1333\" height=\"750\" srcset=\"https:\/\/ostrowskatv.pl\/wp-content\/uploads\/2022\/02\/pleszew_areszt_29.jpg 1333w, https:\/\/ostrowskatv.pl\/wp-content\/uploads\/2022\/02\/pleszew_areszt_29-300x169.jpg 300w, https:\/\/ostrowskatv.pl\/wp-content\/uploads\/2022\/02\/pleszew_areszt_29-640x360.jpg 640w\" sizes=\"auto, (max-width: 1333px) 100vw, 1333px\" \/><\/p>\n<p><img loading=\"lazy\" decoding=\"async\" src=\"https:\/\/ostrowskatv.pl\/wp-content\/uploads\/2022\/02\/20220215_144034-01.jpeg\" alt=\"\" width=\"1025\" height=\"1366\" class=\"alignnone size-full wp-image-17876\" srcset=\"https:\/\/ostrowskatv.pl\/wp-content\/uploads\/2022\/02\/20220215_144034-01.jpeg 1025w, https:\/\/ostrowskatv.pl\/wp-content\/uploads\/2022\/02\/20220215_144034-01-225x300.jpeg 225w, https:\/\/ostrowskatv.pl\/wp-content\/uploads\/2022\/02\/20220215_144034-01-270x360.jpeg 270w\" sizes=\"auto, (max-width: 1025px) 100vw, 1025px\" \/><\/p>\n<p><img loading=\"lazy\" decoding=\"async\" src=\"https:\/\/ostrowskatv.pl\/wp-content\/uploads\/2022\/02\/20220215_154625-01.jpeg\" alt=\"\" width=\"1366\" height=\"1025\" class=\"alignnone size-full wp-image-17877\" srcset=\"https:\/\/ostrowskatv.pl\/wp-content\/uploads\/2022\/02\/20220215_154625-01.jpeg 1366w, https:\/\/ostrowskatv.pl\/wp-content\/uploads\/2022\/02\/20220215_154625-01-300x225.jpeg 300w, https:\/\/ostrowskatv.pl\/wp-content\/uploads\/2022\/02\/20220215_154625-01-480x360.jpeg 480w\" sizes=\"auto, (max-width: 1366px) 100vw, 1366px\" \/><\/p>\n","protected":false},"excerpt":{"rendered":"Wobec wszystkich pi\u0119ciu pe\u0142noletnich podejrzanych S\u0105d Rejonowy w Ostrowie Wielkopolskim zastosowa\u0142 3-miesi\u0119czny areszt. Sz\u00f3sty podejrzany to 16-latek. W jego przypadku S\u0105d Rodzinny z \n<a class=\"moretag\" href=\"https:\/\/ostrowskatv.pl\/?p=17845\"> [...]<\/a>","protected":false},"author":1,"featured_media":17857,"comment_status":"open","ping_status":"closed","sticky":false,"template":"","format":"standard","meta":{"footnotes":""},"categories":[1],"tags":[52],"class_list":["post-17845","post","type-post","status-publish","format-standard","has-post-thumbnail","hentry","category-news","tag-sad"],"_links":{"self":[{"href":"https:\/\/ostrowskatv.pl\/index.php?rest_route=\/wp\/v2\/posts\/17845","targetHints":{"allow":["GET"]}}],"collection":[{"href":"https:\/\/ostrowskatv.pl\/index.php?rest_route=\/wp\/v2\/posts"}],"about":[{"href":"https:\/\/ostrowskatv.pl\/index.php?rest_route=\/wp\/v2\/types\/post"}],"author":[{"embeddable":true,"href":"https:\/\/ostrowskatv.pl\/index.php?rest_route=\/wp\/v2\/users\/1"}],"replies":[{"embeddable":true,"href":"https:\/\/ostrowskatv.pl\/index.php?rest_route=%2Fwp%2Fv2%2Fcomments&post=17845"}],"version-history":[{"count":0,"href":"https:\/\/ostrowskatv.pl\/index.php?rest_route=\/wp\/v2\/posts\/17845\/revisions"}],"wp:featuredmedia":[{"embeddable":true,"href":"https:\/\/ostrowskatv.pl\/index.php?rest_route=\/wp\/v2\/media\/17857"}],"wp:attachment":[{"href":"https:\/\/ostrowskatv.pl\/index.php?rest_route=%2Fwp%2Fv2%2Fmedia&parent=17845"}],"wp:term":[{"taxonomy":"category","embeddable":true,"href":"https:\/\/ostrowskatv.pl\/index.php?rest_route=%2Fwp%2Fv2%2Fcategories&post=17845"},{"taxonomy":"post_tag","embeddable":true,"href":"https:\/\/ostrowskatv.pl\/index.php?rest_route=%2Fwp%2Fv2%2Ftags&post=17845"}],"curies":[{"name":"wp","href":"https:\/\/api.w.org\/{rel}","templated":true}]}}