{"id":178,"date":"2016-01-14T16:08:57","date_gmt":"2016-01-14T15:08:57","guid":{"rendered":"http:\/\/ostrowska.tv\/?p=178"},"modified":"2016-01-14T16:08:57","modified_gmt":"2016-01-14T15:08:57","slug":"jak-sfinansowac-nowa-hale-radny-ma-pomysl","status":"publish","type":"post","link":"https:\/\/ostrowskatv.pl\/?p=178","title":{"rendered":"Jak sfinansowa\u0107 now\u0105 hal\u0119? Radny ma pomys\u0142"},"content":{"rendered":"<p><strong>W ostatnim czasie wiele m\u00f3wi si\u0119 o odkupieniu przez miasto zmodernizowanej hali przy ulicy Kusoci\u0144skiego. Jeden z radnych twierdzi jednak, \u017ce Ostr\u00f3w potrzebuje zupe\u0142nie nowego obiektu tego typu. Tylko sk\u0105d wzi\u0105\u0107 na to pieni\u0105dze?<\/strong><\/p>\n<p>Radny Mariusz Leki od dawna twierdzi, \u017ce miasto nie powinno w og\u00f3le pochyla\u0107 si\u0119 nad propozycj\u0105 sp\u00f3\u0142ki BM Slam, kt\u00f3ra chce odsprzeda\u0107 wyremontowan\u0105 hal\u0119 przy ulicy Kusoci\u0144skiego na osiem milion\u00f3w z\u0142otych. Jego zdaniem w Ostrowie nale\u017cy zbudowa\u0107 nowy obiekt tego typu. Problem polega jednak na tym, \u017ce taka inwestycja poch\u0142on\u0119\u0142aby o kilka razy wi\u0119cej \u015brodk\u00f3w. Leki twierdzi, \u017ce ta przeszkoda jest do pokonania, je\u015bli w odpowiedni spos\u00f3b b\u0119dzie szuka\u0107 si\u0119 \u015brodk\u00f3w zewn\u0119trznych. Sam zdradza, jaki ma na to pomys\u0142.<\/p>\n<p>&#8211;<em> Na dzie\u0144 dzisiejszy mamy dwa \u017ar\u00f3d\u0142a, z kt\u00f3rych mo\u017cna pozyska\u0107 pieni\u0105dze na tak\u0105 inwestycj\u0119 \u2013 t\u0142umaczy. &#8211; M\u00f3wimy o Ministerstwie Sportu i LOTTO. Do tych instytucji nale\u017cy puka\u0107 i podejmowa\u0107 dzia\u0142ania. Pami\u0119tam jeszcze czasy, kiedy by\u0142em prezesem Ostrovii. Mieli\u015bmy wtedy olbrzymi k\u0142opot z grupami m\u0142odzie\u017cowymi. Nie by\u0142o bramek odpowiedniej wielko\u015bci. Potrafili\u015bmy jednak podj\u0105\u0107 dzia\u0142ania i pojecha\u0107 do Ministerstwa Sportu. Uda\u0142o nam si\u0119 wtedy uzyska\u0107 ca\u0142y sprz\u0119t potrzebny do szkolenia dzieci i m\u0142odzie\u017cy. Wszystko jest kwesti\u0105 dobrej woli. To nie jest dzia\u0142anie na godzin\u0119 czy dwie. Trzeba szuka\u0107<\/em> \u2013 przekonuje Leki.<\/p>\n<p>Do radnego nie przemawiaj\u0105 argumenty, \u017ce Ostrowa nie sta\u0107 na now\u0105 hal\u0119 widowisko \u2013 sportow\u0105. Leki twierdzi, \u017ce wcale nie jeste\u015bmy skazani na odkupienie wyremontowanego obiektu przy ulicy Kusoci\u0144skiego. Czy ma racj\u0119?<strong> Zapraszamy do dyskusji<\/strong>.<\/p>\n","protected":false},"excerpt":{"rendered":"W ostatnim czasie wiele m\u00f3wi si\u0119 o odkupieniu przez miasto zmodernizowanej hali przy ulicy Kusoci\u0144skiego. Jeden z radnych twierdzi jednak, \u017ce Ostr\u00f3w potrzebuje \n<a class=\"moretag\" href=\"https:\/\/ostrowskatv.pl\/?p=178\"> [...]<\/a>","protected":false},"author":1,"featured_media":158,"comment_status":"open","ping_status":"open","sticky":false,"template":"","format":"standard","meta":{"footnotes":""},"categories":[1],"tags":[23],"class_list":["post-178","post","type-post","status-publish","format-standard","has-post-thumbnail","hentry","category-news","tag-hala"],"_links":{"self":[{"href":"https:\/\/ostrowskatv.pl\/index.php?rest_route=\/wp\/v2\/posts\/178","targetHints":{"allow":["GET"]}}],"collection":[{"href":"https:\/\/ostrowskatv.pl\/index.php?rest_route=\/wp\/v2\/posts"}],"about":[{"href":"https:\/\/ostrowskatv.pl\/index.php?rest_route=\/wp\/v2\/types\/post"}],"author":[{"embeddable":true,"href":"https:\/\/ostrowskatv.pl\/index.php?rest_route=\/wp\/v2\/users\/1"}],"replies":[{"embeddable":true,"href":"https:\/\/ostrowskatv.pl\/index.php?rest_route=%2Fwp%2Fv2%2Fcomments&post=178"}],"version-history":[{"count":0,"href":"https:\/\/ostrowskatv.pl\/index.php?rest_route=\/wp\/v2\/posts\/178\/revisions"}],"wp:featuredmedia":[{"embeddable":true,"href":"https:\/\/ostrowskatv.pl\/index.php?rest_route=\/wp\/v2\/media\/158"}],"wp:attachment":[{"href":"https:\/\/ostrowskatv.pl\/index.php?rest_route=%2Fwp%2Fv2%2Fmedia&parent=178"}],"wp:term":[{"taxonomy":"category","embeddable":true,"href":"https:\/\/ostrowskatv.pl\/index.php?rest_route=%2Fwp%2Fv2%2Fcategories&post=178"},{"taxonomy":"post_tag","embeddable":true,"href":"https:\/\/ostrowskatv.pl\/index.php?rest_route=%2Fwp%2Fv2%2Ftags&post=178"}],"curies":[{"name":"wp","href":"https:\/\/api.w.org\/{rel}","templated":true}]}}