{"id":1777,"date":"2016-07-08T18:25:17","date_gmt":"2016-07-08T17:25:17","guid":{"rendered":"http:\/\/ostrowska.tv\/?p=1777"},"modified":"2016-07-08T18:32:16","modified_gmt":"2016-07-08T17:32:16","slug":"najgorszy-nabor-w-ii-lo-starosta-jestem-zadowolony","status":"publish","type":"post","link":"https:\/\/ostrowskatv.pl\/?p=1777","title":{"rendered":"Najgorszy nab\u00f3r w II LO. Starosta: jestem zadowolony"},"content":{"rendered":"<p><strong>Starosta Pawe\u0142 Rajski podsumowa\u0142 nab\u00f3r do szk\u00f3\u0142 ponadgimnazjalnych w powiecie ostrowskim. II Liceum Og\u00f3lnokszta\u0142c\u0105ce zanotowa\u0142o bardzo s\u0142aby wynik w naborze bezpo\u015brednim. W ka\u017cdej klasie by\u0142y dost\u0119pne 34 miejsca. Do dw\u00f3ch klas zg\u0142osi\u0142o si\u0119 kolejno 15 i 17 absolwent\u00f3w gimnazj\u00f3w. Troch\u0119 lepiej by\u0142o w klasie o profilu biologiczno-chemicznym gdzie uda\u0142o si\u0119 uzbiera\u0107 30 uczni\u00f3w. Podsumowuj\u0105c na 102 miejsca zapisa\u0142y si\u0119 62 osoby. Dodajmy, \u017ce np. w I LO na 170 przygotowanych miejsc zebrano 235 ch\u0119tnych. Czyli znacznie wi\u0119cej zainteresowanych ni\u017c szko\u0142a ma mo\u017cliwo\u015bci.<\/strong><\/p>\n<p>Starosta Pawe\u0142 Rajski, kt\u00f3ry od d\u0142u\u017cszego czasu monitorowa\u0142 z\u0142\u0105 sytuacj\u0119 w II liceum, zapewnia\u0142 nas, \u017ce podejmie stosowne kroki w zale\u017cno\u015bci od wynik\u00f3w naboru. Gdy te okaza\u0142y si\u0119 bardzo s\u0142abe, starosta uciek\u0142 do przykrycia pora\u017cki radosn\u0105 nowin\u0105 i\u017c II LO mo\u017ce liczy\u0107 na uczni\u00f3w odrzuconych z innych lice\u00f3w. Nawet je\u015bli uzupe\u0142ni si\u0119 brakuj\u0105ce miejsca tymi uczniami, to wynik naboru jest ocen\u0105 niedostateczn\u0105 dla dyrektora, kt\u00f3ry nie poradzi\u0142 sobie z kryzysem panuj\u0105cym w tej szkole.<\/p>\n<p>Na pochwa\u0142\u0119 zas\u0142uguje IV LO, kt\u00f3re podobnie jak w szkole przy ul. Wroc\u0142awskiej im. Reymonta posiada\u0142o tylko trzy klasy pierwsze. Gronu pedagogicznemu uda\u0142o si\u0119 zach\u0119ci\u0107 m\u0142odzie\u017c i utworzy\u0107 cztery klasy.<\/p>\n<p>Do szk\u00f3\u0142 powiatowych zg\u0142osi\u0142o si\u0119 1796 os\u00f3b. Przypomnijmy, \u017ce Karol Marsza\u0142, dyrektor II LO w Ostrowie Wlkp., jest politycznym koleg\u0105 starosty Paw\u0142a Rajskiego. Jak wida\u0107 polityczne upodobania potrafi\u0105 uchroni\u0107 przed zwolnieniem, nawet gdy fakty jednoznacznie wskazuj\u0105 na konieczno\u015b\u0107 dokonania zmian. Nawi\u0105zuj\u0105c do tytu\u0142u, starosta Pawe\u0142 Rajski powiedzia\u0142, \u017ce jest zadowolony z pracy wszystkich dyrektor\u00f3w, nie wycofa\u0142 si\u0119 z tej oceny nawet gdy zosta\u0142 zapytany o sytuacj\u0119 w II LO.<\/p>\n","protected":false},"excerpt":{"rendered":"Starosta Pawe\u0142 Rajski podsumowa\u0142 nab\u00f3r do szk\u00f3\u0142 ponadgimnazjalnych w powiecie ostrowskim. II Liceum Og\u00f3lnokszta\u0142c\u0105ce zanotowa\u0142o bardzo s\u0142aby wynik w naborze bezpo\u015brednim. W ka\u017cdej \n<a class=\"moretag\" href=\"https:\/\/ostrowskatv.pl\/?p=1777\"> [...]<\/a>","protected":false},"author":1,"featured_media":1778,"comment_status":"open","ping_status":"open","sticky":false,"template":"","format":"standard","meta":{"footnotes":""},"categories":[1],"tags":[2],"class_list":["post-1777","post","type-post","status-publish","format-standard","has-post-thumbnail","hentry","category-news","tag-ostrow-wielkopolski"],"_links":{"self":[{"href":"https:\/\/ostrowskatv.pl\/index.php?rest_route=\/wp\/v2\/posts\/1777","targetHints":{"allow":["GET"]}}],"collection":[{"href":"https:\/\/ostrowskatv.pl\/index.php?rest_route=\/wp\/v2\/posts"}],"about":[{"href":"https:\/\/ostrowskatv.pl\/index.php?rest_route=\/wp\/v2\/types\/post"}],"author":[{"embeddable":true,"href":"https:\/\/ostrowskatv.pl\/index.php?rest_route=\/wp\/v2\/users\/1"}],"replies":[{"embeddable":true,"href":"https:\/\/ostrowskatv.pl\/index.php?rest_route=%2Fwp%2Fv2%2Fcomments&post=1777"}],"version-history":[{"count":0,"href":"https:\/\/ostrowskatv.pl\/index.php?rest_route=\/wp\/v2\/posts\/1777\/revisions"}],"wp:featuredmedia":[{"embeddable":true,"href":"https:\/\/ostrowskatv.pl\/index.php?rest_route=\/wp\/v2\/media\/1778"}],"wp:attachment":[{"href":"https:\/\/ostrowskatv.pl\/index.php?rest_route=%2Fwp%2Fv2%2Fmedia&parent=1777"}],"wp:term":[{"taxonomy":"category","embeddable":true,"href":"https:\/\/ostrowskatv.pl\/index.php?rest_route=%2Fwp%2Fv2%2Fcategories&post=1777"},{"taxonomy":"post_tag","embeddable":true,"href":"https:\/\/ostrowskatv.pl\/index.php?rest_route=%2Fwp%2Fv2%2Ftags&post=1777"}],"curies":[{"name":"wp","href":"https:\/\/api.w.org\/{rel}","templated":true}]}}