{"id":17753,"date":"2022-02-11T11:26:11","date_gmt":"2022-02-11T10:26:11","guid":{"rendered":"https:\/\/ostrowskatv.pl\/?p=17753"},"modified":"2022-02-11T11:26:11","modified_gmt":"2022-02-11T10:26:11","slug":"ma-prawo-jazdy-od-dwoch-dni-wjechala-w-autobus","status":"publish","type":"post","link":"https:\/\/ostrowskatv.pl\/?p=17753","title":{"rendered":"Ma prawo jazdy od dw\u00f3ch dni. Wjecha\u0142a w autobus"},"content":{"rendered":"<p><strong>Pi\u0105tkowy poranek nie do ko\u0144ca szcz\u0119\u015bliwie rozpocz\u0105\u0142 si\u0119 dla \u015bwie\u017co upieczonego kierowcy. M\u0142oda kobieta stan\u0119\u0142a przy skrzy\u017cowaniu ulic Odolanowska\/D\u0142uga w Ostrowie Wielkopolskim. W pewnym momencie jej samoch\u00f3d zacz\u0105\u0142 si\u0119 stacza\u0107. Kieruj\u0105ca nie chc\u0105c uderzy\u0107 w auto stoj\u0105ce za ni\u0105 doda\u0142a troch\u0119 za du\u017co gazu i wjecha\u0142a w bok autobusu MZK. <\/strong><\/p>\n<p>W zdarzeniu nikt nie odni\u00f3s\u0142 obra\u017ce\u0144. MZK w ci\u0105gu oko\u0142o 15 minut podstawi\u0142o zast\u0119pczy autobus. M\u0142oda kobieta z optymizmem spojrza\u0142a na sytuacj\u0119, co jest do\u015b\u0107 rzadkie w dzisiejszych czasach. \u017byczymy jej du\u017co wi\u0119cej szcz\u0119\u015bcia przy pokonywaniu kolejnych kilometr\u00f3w po drogach powiatu ostrowskiego.<\/p>\n<p><img loading=\"lazy\" decoding=\"async\" src=\"https:\/\/ostrowskatv.pl\/wp-content\/uploads\/2022\/02\/20220211_095755-01.jpeg\" alt=\"\" width=\"1366\" height=\"758\" class=\"alignnone size-full wp-image-17760\" srcset=\"https:\/\/ostrowskatv.pl\/wp-content\/uploads\/2022\/02\/20220211_095755-01.jpeg 1366w, https:\/\/ostrowskatv.pl\/wp-content\/uploads\/2022\/02\/20220211_095755-01-300x166.jpeg 300w, https:\/\/ostrowskatv.pl\/wp-content\/uploads\/2022\/02\/20220211_095755-01-640x355.jpeg 640w\" sizes=\"auto, (max-width: 1366px) 100vw, 1366px\" \/><\/p>\n<p><img loading=\"lazy\" decoding=\"async\" src=\"https:\/\/ostrowskatv.pl\/wp-content\/uploads\/2022\/02\/20220211_095924-01.jpeg\" alt=\"\" width=\"1366\" height=\"1025\" class=\"alignnone size-full wp-image-17759\" srcset=\"https:\/\/ostrowskatv.pl\/wp-content\/uploads\/2022\/02\/20220211_095924-01.jpeg 1366w, https:\/\/ostrowskatv.pl\/wp-content\/uploads\/2022\/02\/20220211_095924-01-300x225.jpeg 300w, https:\/\/ostrowskatv.pl\/wp-content\/uploads\/2022\/02\/20220211_095924-01-480x360.jpeg 480w\" sizes=\"auto, (max-width: 1366px) 100vw, 1366px\" \/><\/p>\n<p><img loading=\"lazy\" decoding=\"async\" src=\"https:\/\/ostrowskatv.pl\/wp-content\/uploads\/2022\/02\/20220211_100012-01.jpeg\" alt=\"\" width=\"1366\" height=\"1025\" class=\"alignnone size-full wp-image-17758\" srcset=\"https:\/\/ostrowskatv.pl\/wp-content\/uploads\/2022\/02\/20220211_100012-01.jpeg 1366w, https:\/\/ostrowskatv.pl\/wp-content\/uploads\/2022\/02\/20220211_100012-01-300x225.jpeg 300w, https:\/\/ostrowskatv.pl\/wp-content\/uploads\/2022\/02\/20220211_100012-01-480x360.jpeg 480w\" sizes=\"auto, (max-width: 1366px) 100vw, 1366px\" \/><\/p>\n","protected":false},"excerpt":{"rendered":"Pi\u0105tkowy poranek nie do ko\u0144ca szcz\u0119\u015bliwie rozpocz\u0105\u0142 si\u0119 dla \u015bwie\u017co upieczonego kierowcy. M\u0142oda kobieta stan\u0119\u0142a przy skrzy\u017cowaniu ulic Odolanowska\/D\u0142uga w Ostrowie Wielkopolskim. W \n<a class=\"moretag\" href=\"https:\/\/ostrowskatv.pl\/?p=17753\"> [...]<\/a>","protected":false},"author":1,"featured_media":17760,"comment_status":"open","ping_status":"closed","sticky":false,"template":"","format":"standard","meta":{"footnotes":""},"categories":[1],"tags":[2],"class_list":["post-17753","post","type-post","status-publish","format-standard","has-post-thumbnail","hentry","category-news","tag-ostrow-wielkopolski"],"_links":{"self":[{"href":"https:\/\/ostrowskatv.pl\/index.php?rest_route=\/wp\/v2\/posts\/17753","targetHints":{"allow":["GET"]}}],"collection":[{"href":"https:\/\/ostrowskatv.pl\/index.php?rest_route=\/wp\/v2\/posts"}],"about":[{"href":"https:\/\/ostrowskatv.pl\/index.php?rest_route=\/wp\/v2\/types\/post"}],"author":[{"embeddable":true,"href":"https:\/\/ostrowskatv.pl\/index.php?rest_route=\/wp\/v2\/users\/1"}],"replies":[{"embeddable":true,"href":"https:\/\/ostrowskatv.pl\/index.php?rest_route=%2Fwp%2Fv2%2Fcomments&post=17753"}],"version-history":[{"count":0,"href":"https:\/\/ostrowskatv.pl\/index.php?rest_route=\/wp\/v2\/posts\/17753\/revisions"}],"wp:featuredmedia":[{"embeddable":true,"href":"https:\/\/ostrowskatv.pl\/index.php?rest_route=\/wp\/v2\/media\/17760"}],"wp:attachment":[{"href":"https:\/\/ostrowskatv.pl\/index.php?rest_route=%2Fwp%2Fv2%2Fmedia&parent=17753"}],"wp:term":[{"taxonomy":"category","embeddable":true,"href":"https:\/\/ostrowskatv.pl\/index.php?rest_route=%2Fwp%2Fv2%2Fcategories&post=17753"},{"taxonomy":"post_tag","embeddable":true,"href":"https:\/\/ostrowskatv.pl\/index.php?rest_route=%2Fwp%2Fv2%2Ftags&post=17753"}],"curies":[{"name":"wp","href":"https:\/\/api.w.org\/{rel}","templated":true}]}}