{"id":1774,"date":"2016-07-08T16:47:53","date_gmt":"2016-07-08T15:47:53","guid":{"rendered":"http:\/\/ostrowska.tv\/?p=1774"},"modified":"2016-07-08T16:47:53","modified_gmt":"2016-07-08T15:47:53","slug":"18-latek-jechal-bmw-bez-uprawnien","status":"publish","type":"post","link":"https:\/\/ostrowskatv.pl\/?p=1774","title":{"rendered":"18-latek jecha\u0142 BMW bez uprawnie\u0144"},"content":{"rendered":"<p><strong>Policjanci z ostrowskiej drog\u00f3wki zatrzymali 18-latka jad\u0105cego czerwonym BMW bez uprawnie\u0144. Do interwencji str\u00f3\u017c\u00f3w prawa dosz\u0142o w pi\u0105tek oko\u0142o godziny 16:00 na ulicy Ceg\u0142owej w Ostrowie Wlkp. Osob\u00f3wka trafi\u0142a na lawet\u0119, kt\u00f3r\u0105 zosta\u0142a odholowana na tzw. policyjny parking. Kierowc\u0119 spotka\u0142 500 z\u0142 mandat oraz konieczno\u015b\u0107 pokrycia koszt\u00f3w holowania.<\/strong><\/p>\n","protected":false},"excerpt":{"rendered":"Policjanci z ostrowskiej drog\u00f3wki zatrzymali 18-latka jad\u0105cego czerwonym BMW bez uprawnie\u0144. Do interwencji str\u00f3\u017c\u00f3w prawa dosz\u0142o w pi\u0105tek oko\u0142o godziny 16:00 na ulicy \n<a class=\"moretag\" href=\"https:\/\/ostrowskatv.pl\/?p=1774\"> [...]<\/a>","protected":false},"author":1,"featured_media":1775,"comment_status":"open","ping_status":"open","sticky":false,"template":"","format":"standard","meta":{"footnotes":""},"categories":[1],"tags":[2],"class_list":["post-1774","post","type-post","status-publish","format-standard","has-post-thumbnail","hentry","category-news","tag-ostrow-wielkopolski"],"_links":{"self":[{"href":"https:\/\/ostrowskatv.pl\/index.php?rest_route=\/wp\/v2\/posts\/1774","targetHints":{"allow":["GET"]}}],"collection":[{"href":"https:\/\/ostrowskatv.pl\/index.php?rest_route=\/wp\/v2\/posts"}],"about":[{"href":"https:\/\/ostrowskatv.pl\/index.php?rest_route=\/wp\/v2\/types\/post"}],"author":[{"embeddable":true,"href":"https:\/\/ostrowskatv.pl\/index.php?rest_route=\/wp\/v2\/users\/1"}],"replies":[{"embeddable":true,"href":"https:\/\/ostrowskatv.pl\/index.php?rest_route=%2Fwp%2Fv2%2Fcomments&post=1774"}],"version-history":[{"count":0,"href":"https:\/\/ostrowskatv.pl\/index.php?rest_route=\/wp\/v2\/posts\/1774\/revisions"}],"wp:featuredmedia":[{"embeddable":true,"href":"https:\/\/ostrowskatv.pl\/index.php?rest_route=\/wp\/v2\/media\/1775"}],"wp:attachment":[{"href":"https:\/\/ostrowskatv.pl\/index.php?rest_route=%2Fwp%2Fv2%2Fmedia&parent=1774"}],"wp:term":[{"taxonomy":"category","embeddable":true,"href":"https:\/\/ostrowskatv.pl\/index.php?rest_route=%2Fwp%2Fv2%2Fcategories&post=1774"},{"taxonomy":"post_tag","embeddable":true,"href":"https:\/\/ostrowskatv.pl\/index.php?rest_route=%2Fwp%2Fv2%2Ftags&post=1774"}],"curies":[{"name":"wp","href":"https:\/\/api.w.org\/{rel}","templated":true}]}}