{"id":17600,"date":"2022-02-06T09:46:41","date_gmt":"2022-02-06T08:46:41","guid":{"rendered":"https:\/\/ostrowskatv.pl\/?p=17600"},"modified":"2022-02-06T09:46:48","modified_gmt":"2022-02-06T08:46:48","slug":"po-alkoholu-w-porsche-czy-bedzie-go-stac-na-zaplacenie-kary","status":"publish","type":"post","link":"https:\/\/ostrowskatv.pl\/?p=17600","title":{"rendered":"Po alkoholu w Porsche. Czy b\u0119dzie go sta\u0107 na zap\u0142acenie kary?"},"content":{"rendered":"<p><strong>W weekendowe poranki trzeba mocno zastanowi\u0107 si\u0119 czy warto wsiada\u0107 za kierownic\u0119 samochodu lub na rower. St\u0119\u017cenie alkoholu po upojnej nocy mog\u0142o jeszcze nie wyj\u015b\u0107 z organizmu o czym przekona\u0142 si\u0119 29-latek z porsche. <\/strong><\/p>\n<p>Funkcjonariusze z ostrowskiej drog\u00f3wki mieli nosa. Na wylocie z Ostrowa w kierunku Krotoszyna zatrzymali do kontroli czarne porsche cayenne. Za kierownic\u0105 oko\u0142o 10-letniego egzemplarza siedzia\u0142 29-latek.<\/p>\n<p>Policyjny alkomat wykaza\u0142 0,54 promila. Ju\u017c nie ca\u0142kiem m\u0142ody kierowca mo\u017ce m\u00f3wi\u0107 o du\u017cym pechu, bo gdyby zosta\u0142 zatrzymany kwadrans p\u00f3\u017aniej alkomat wykaza\u0142by st\u0119\u017cenie kwalifikuj\u0105ce poziom jako wykroczenie. W tym przypadku odpowiada\u0107 b\u0119dzie jak za przest\u0119pstwo.<\/p>\n<p><strong>Co mu grozi?<\/strong><\/p>\n<p>Od tego roku wesz\u0142y w \u017cycie przepisy, kt\u00f3re sprezentowa\u0142y kierowcy na dzie\u0144 dobry 15 punkt\u00f3w karnych wa\u017cnych przez okres dw\u00f3ch lat. Po drugie zosta\u0142 odholowany na jego koszt samoch\u00f3d na tzw. policyjny parking.<\/p>\n<ul>\n<li>Sprawca otrzyma<br \/>\ngrzywn\u0119 uzale\u017cnion\u0105 od dochodu (od 10 do 540 stawek dziennych; od 10 do 2000 z\u0142otych za stawk\u0119 dzienn\u0105),<\/li>\n<li>ograniczenie wolno\u015bci lub pozbawienie wolno\u015bci do 2 lat;<\/li>\n<li>zakaz prowadzenia pojazd\u00f3w na okres od 3 do 15 lat;<\/li>\n<li>od 5000 do 60 000 z\u0142otych na rzecz Funduszu Pomocy Pokrzywdzonym oraz Pomocy Postpenitencjarnej.<\/li>\n<\/ul>\n<p><img loading=\"lazy\" decoding=\"async\" src=\"https:\/\/ostrowskatv.pl\/wp-content\/uploads\/2022\/02\/20220206_092046-01.jpeg\" alt=\"\" width=\"1366\" height=\"1025\" class=\"alignnone size-full wp-image-17601\" srcset=\"https:\/\/ostrowskatv.pl\/wp-content\/uploads\/2022\/02\/20220206_092046-01.jpeg 1366w, https:\/\/ostrowskatv.pl\/wp-content\/uploads\/2022\/02\/20220206_092046-01-300x225.jpeg 300w, https:\/\/ostrowskatv.pl\/wp-content\/uploads\/2022\/02\/20220206_092046-01-480x360.jpeg 480w\" sizes=\"auto, (max-width: 1366px) 100vw, 1366px\" \/><\/p>\n<p><img loading=\"lazy\" decoding=\"async\" src=\"https:\/\/ostrowskatv.pl\/wp-content\/uploads\/2022\/02\/20220206_092123-01.jpeg\" alt=\"\" width=\"1366\" height=\"1025\" class=\"alignnone size-full wp-image-17602\" srcset=\"https:\/\/ostrowskatv.pl\/wp-content\/uploads\/2022\/02\/20220206_092123-01.jpeg 1366w, https:\/\/ostrowskatv.pl\/wp-content\/uploads\/2022\/02\/20220206_092123-01-300x225.jpeg 300w, https:\/\/ostrowskatv.pl\/wp-content\/uploads\/2022\/02\/20220206_092123-01-480x360.jpeg 480w\" sizes=\"auto, (max-width: 1366px) 100vw, 1366px\" \/><\/p>\n<p><img loading=\"lazy\" decoding=\"async\" src=\"https:\/\/ostrowskatv.pl\/wp-content\/uploads\/2022\/02\/20220206_092140-01.jpeg\" alt=\"\" width=\"1366\" height=\"879\" class=\"alignnone size-full wp-image-17603\" srcset=\"https:\/\/ostrowskatv.pl\/wp-content\/uploads\/2022\/02\/20220206_092140-01.jpeg 1366w, https:\/\/ostrowskatv.pl\/wp-content\/uploads\/2022\/02\/20220206_092140-01-300x193.jpeg 300w, https:\/\/ostrowskatv.pl\/wp-content\/uploads\/2022\/02\/20220206_092140-01-559x360.jpeg 559w\" sizes=\"auto, (max-width: 1366px) 100vw, 1366px\" \/><\/p>\n<p><img loading=\"lazy\" decoding=\"async\" src=\"https:\/\/ostrowskatv.pl\/wp-content\/uploads\/2022\/02\/20220206_092157-01.jpeg\" alt=\"\" width=\"1366\" height=\"1025\" class=\"alignnone size-full wp-image-17604\" srcset=\"https:\/\/ostrowskatv.pl\/wp-content\/uploads\/2022\/02\/20220206_092157-01.jpeg 1366w, https:\/\/ostrowskatv.pl\/wp-content\/uploads\/2022\/02\/20220206_092157-01-300x225.jpeg 300w, https:\/\/ostrowskatv.pl\/wp-content\/uploads\/2022\/02\/20220206_092157-01-480x360.jpeg 480w\" sizes=\"auto, (max-width: 1366px) 100vw, 1366px\" \/><\/p>\n<p><img loading=\"lazy\" decoding=\"async\" src=\"https:\/\/ostrowskatv.pl\/wp-content\/uploads\/2022\/02\/20220206_092212-01.jpeg\" alt=\"\" width=\"1366\" height=\"912\" class=\"alignnone size-full wp-image-17605\" srcset=\"https:\/\/ostrowskatv.pl\/wp-content\/uploads\/2022\/02\/20220206_092212-01.jpeg 1366w, https:\/\/ostrowskatv.pl\/wp-content\/uploads\/2022\/02\/20220206_092212-01-300x200.jpeg 300w, https:\/\/ostrowskatv.pl\/wp-content\/uploads\/2022\/02\/20220206_092212-01-539x360.jpeg 539w\" sizes=\"auto, (max-width: 1366px) 100vw, 1366px\" \/><\/p>\n<p><img loading=\"lazy\" decoding=\"async\" src=\"https:\/\/ostrowskatv.pl\/wp-content\/uploads\/2022\/02\/20220206_092216-01.jpeg\" alt=\"\" width=\"1366\" height=\"1025\" class=\"alignnone size-full wp-image-17606\" srcset=\"https:\/\/ostrowskatv.pl\/wp-content\/uploads\/2022\/02\/20220206_092216-01.jpeg 1366w, https:\/\/ostrowskatv.pl\/wp-content\/uploads\/2022\/02\/20220206_092216-01-300x225.jpeg 300w, https:\/\/ostrowskatv.pl\/wp-content\/uploads\/2022\/02\/20220206_092216-01-480x360.jpeg 480w\" sizes=\"auto, (max-width: 1366px) 100vw, 1366px\" \/><\/p>\n<p><img loading=\"lazy\" decoding=\"async\" src=\"https:\/\/ostrowskatv.pl\/wp-content\/uploads\/2022\/02\/20220206_092039-01.jpeg\" alt=\"\" width=\"1366\" height=\"855\" class=\"alignnone size-full wp-image-17607\" srcset=\"https:\/\/ostrowskatv.pl\/wp-content\/uploads\/2022\/02\/20220206_092039-01.jpeg 1366w, https:\/\/ostrowskatv.pl\/wp-content\/uploads\/2022\/02\/20220206_092039-01-300x188.jpeg 300w, https:\/\/ostrowskatv.pl\/wp-content\/uploads\/2022\/02\/20220206_092039-01-575x360.jpeg 575w\" sizes=\"auto, (max-width: 1366px) 100vw, 1366px\" \/><\/p>\n","protected":false},"excerpt":{"rendered":"W weekendowe poranki trzeba mocno zastanowi\u0107 si\u0119 czy warto wsiada\u0107 za kierownic\u0119 samochodu lub na rower. St\u0119\u017cenie alkoholu po upojnej nocy mog\u0142o jeszcze \n<a class=\"moretag\" href=\"https:\/\/ostrowskatv.pl\/?p=17600\"> [...]<\/a>","protected":false},"author":1,"featured_media":17608,"comment_status":"open","ping_status":"closed","sticky":false,"template":"","format":"standard","meta":{"footnotes":""},"categories":[1],"tags":[4],"class_list":["post-17600","post","type-post","status-publish","format-standard","has-post-thumbnail","hentry","category-news","tag-alkohol"],"_links":{"self":[{"href":"https:\/\/ostrowskatv.pl\/index.php?rest_route=\/wp\/v2\/posts\/17600","targetHints":{"allow":["GET"]}}],"collection":[{"href":"https:\/\/ostrowskatv.pl\/index.php?rest_route=\/wp\/v2\/posts"}],"about":[{"href":"https:\/\/ostrowskatv.pl\/index.php?rest_route=\/wp\/v2\/types\/post"}],"author":[{"embeddable":true,"href":"https:\/\/ostrowskatv.pl\/index.php?rest_route=\/wp\/v2\/users\/1"}],"replies":[{"embeddable":true,"href":"https:\/\/ostrowskatv.pl\/index.php?rest_route=%2Fwp%2Fv2%2Fcomments&post=17600"}],"version-history":[{"count":0,"href":"https:\/\/ostrowskatv.pl\/index.php?rest_route=\/wp\/v2\/posts\/17600\/revisions"}],"wp:featuredmedia":[{"embeddable":true,"href":"https:\/\/ostrowskatv.pl\/index.php?rest_route=\/wp\/v2\/media\/17608"}],"wp:attachment":[{"href":"https:\/\/ostrowskatv.pl\/index.php?rest_route=%2Fwp%2Fv2%2Fmedia&parent=17600"}],"wp:term":[{"taxonomy":"category","embeddable":true,"href":"https:\/\/ostrowskatv.pl\/index.php?rest_route=%2Fwp%2Fv2%2Fcategories&post=17600"},{"taxonomy":"post_tag","embeddable":true,"href":"https:\/\/ostrowskatv.pl\/index.php?rest_route=%2Fwp%2Fv2%2Ftags&post=17600"}],"curies":[{"name":"wp","href":"https:\/\/api.w.org\/{rel}","templated":true}]}}