{"id":17589,"date":"2022-02-05T10:50:30","date_gmt":"2022-02-05T09:50:30","guid":{"rendered":"https:\/\/ostrowskatv.pl\/?p=17589"},"modified":"2022-02-05T10:50:30","modified_gmt":"2022-02-05T09:50:30","slug":"splonal-citroen-przy-lidlu-wlasciciel-w-szpitalu","status":"publish","type":"post","link":"https:\/\/ostrowskatv.pl\/?p=17589","title":{"rendered":"Sp\u0142on\u0105\u0142 citroen przy Lidlu. W\u0142a\u015bciciel w szpitalu"},"content":{"rendered":"<p><strong>Na parkingu znajduj\u0105cym si\u0119 pomi\u0119dzy marketem Lidl, a blokami przy ulicy Ko\u015bciuszki w Ostrowie Wielkopolskim zapali\u0142 si\u0119 citroen C3. Po\u017car obj\u0105\u0142 komor\u0119 silnika i zagra\u017ca\u0142 pobliskim pojazdom.<\/strong><\/p>\n<p>Na miejsce wys\u0142ano stra\u017cak\u00f3w, kt\u00f3rym uda\u0142o si\u0119 ugasi\u0107 po\u017car, ratuj\u0105c tyln\u0105 cz\u0119\u015b\u0107 auta przed sp\u0142oni\u0119ciem.<\/p>\n<p>Policjanci zacz\u0119li namierza\u0107 w\u0142a\u015bciciela pechowego pojazdu. Okaza\u0142o si\u0119, \u017ce ten przebywa w szpitalu. Na miejscu pojawi\u0142a si\u0119 jednak jego \u017cona, kt\u00f3rej przysz\u0142o zmierzy\u0107 si\u0119 ze smutnym widokiem i powsta\u0142ym problemem.<\/p>\n<p><img loading=\"lazy\" decoding=\"async\" src=\"https:\/\/ostrowskatv.pl\/wp-content\/uploads\/2022\/02\/20220204_154807-01.jpeg\" alt=\"\" width=\"1366\" height=\"627\" class=\"alignnone size-full wp-image-17590\" srcset=\"https:\/\/ostrowskatv.pl\/wp-content\/uploads\/2022\/02\/20220204_154807-01.jpeg 1366w, https:\/\/ostrowskatv.pl\/wp-content\/uploads\/2022\/02\/20220204_154807-01-300x138.jpeg 300w, https:\/\/ostrowskatv.pl\/wp-content\/uploads\/2022\/02\/20220204_154807-01-640x294.jpeg 640w\" sizes=\"auto, (max-width: 1366px) 100vw, 1366px\" \/><\/p>\n<p><img loading=\"lazy\" decoding=\"async\" src=\"https:\/\/ostrowskatv.pl\/wp-content\/uploads\/2022\/02\/20220204_154755-01.jpeg\" alt=\"\" width=\"1366\" height=\"1025\" class=\"alignnone size-full wp-image-17591\" srcset=\"https:\/\/ostrowskatv.pl\/wp-content\/uploads\/2022\/02\/20220204_154755-01.jpeg 1366w, https:\/\/ostrowskatv.pl\/wp-content\/uploads\/2022\/02\/20220204_154755-01-300x225.jpeg 300w, https:\/\/ostrowskatv.pl\/wp-content\/uploads\/2022\/02\/20220204_154755-01-480x360.jpeg 480w\" sizes=\"auto, (max-width: 1366px) 100vw, 1366px\" \/><\/p>\n","protected":false},"excerpt":{"rendered":"Na parkingu znajduj\u0105cym si\u0119 pomi\u0119dzy marketem Lidl, a blokami przy ulicy Ko\u015bciuszki w Ostrowie Wielkopolskim zapali\u0142 si\u0119 citroen C3. Po\u017car obj\u0105\u0142 komor\u0119 silnika \n<a class=\"moretag\" href=\"https:\/\/ostrowskatv.pl\/?p=17589\"> [...]<\/a>","protected":false},"author":1,"featured_media":17591,"comment_status":"open","ping_status":"closed","sticky":false,"template":"","format":"standard","meta":{"footnotes":""},"categories":[1],"tags":[2],"class_list":["post-17589","post","type-post","status-publish","format-standard","has-post-thumbnail","hentry","category-news","tag-ostrow-wielkopolski"],"_links":{"self":[{"href":"https:\/\/ostrowskatv.pl\/index.php?rest_route=\/wp\/v2\/posts\/17589","targetHints":{"allow":["GET"]}}],"collection":[{"href":"https:\/\/ostrowskatv.pl\/index.php?rest_route=\/wp\/v2\/posts"}],"about":[{"href":"https:\/\/ostrowskatv.pl\/index.php?rest_route=\/wp\/v2\/types\/post"}],"author":[{"embeddable":true,"href":"https:\/\/ostrowskatv.pl\/index.php?rest_route=\/wp\/v2\/users\/1"}],"replies":[{"embeddable":true,"href":"https:\/\/ostrowskatv.pl\/index.php?rest_route=%2Fwp%2Fv2%2Fcomments&post=17589"}],"version-history":[{"count":0,"href":"https:\/\/ostrowskatv.pl\/index.php?rest_route=\/wp\/v2\/posts\/17589\/revisions"}],"wp:featuredmedia":[{"embeddable":true,"href":"https:\/\/ostrowskatv.pl\/index.php?rest_route=\/wp\/v2\/media\/17591"}],"wp:attachment":[{"href":"https:\/\/ostrowskatv.pl\/index.php?rest_route=%2Fwp%2Fv2%2Fmedia&parent=17589"}],"wp:term":[{"taxonomy":"category","embeddable":true,"href":"https:\/\/ostrowskatv.pl\/index.php?rest_route=%2Fwp%2Fv2%2Fcategories&post=17589"},{"taxonomy":"post_tag","embeddable":true,"href":"https:\/\/ostrowskatv.pl\/index.php?rest_route=%2Fwp%2Fv2%2Ftags&post=17589"}],"curies":[{"name":"wp","href":"https:\/\/api.w.org\/{rel}","templated":true}]}}