{"id":17551,"date":"2022-01-30T07:14:35","date_gmt":"2022-01-30T06:14:35","guid":{"rendered":"https:\/\/ostrowskatv.pl\/?p=17551"},"modified":"2022-01-30T07:14:35","modified_gmt":"2022-01-30T06:14:35","slug":"skutki-wichury-w-regionie-i-2022","status":"publish","type":"post","link":"https:\/\/ostrowskatv.pl\/?p=17551","title":{"rendered":"Skutki wichury w regionie (I 2022)"},"content":{"rendered":"<p><strong>Porywisty wiatr da\u0142 si\u0119 we znaki stra\u017cakom z po\u0142udniowej Wielkopolski. Przez ca\u0142\u0105 noc usuwali poprzewracane drzewa. Na naszym terenie nikt nie zgin\u0105\u0142, ale nad morzem zgin\u0119\u0142a jedna osoba, na kt\u00f3rej auto spad\u0142o przydro\u017cne drzewo.<\/strong><\/p>\n<p>Najpowa\u017cniejsze zdarzenie mia\u0142o miejsce w powiecie kaliskim, gdzie oko\u0142o godziny 2 w nocy porywisty wiatr zerwa\u0142 dach z budynku kurnika. Niekt\u00f3re zwierz\u0119ta nie prze\u017cy\u0142y tej katastrofy. Stra\u017cacy z Kalisza otrzymali zg\u0142oszenie, \u017ce w miejscowo\u015bci Rajsko wiatr uszkodzi\u0142 dach na kurniku. Na miejscu okaza\u0142o si\u0119, \u017ce 2\/3 powierzchni budynku ma uszkodzony lub zerwany dach. <\/p>\n<p>Stra\u017cacy po konsultacji z w\u0142a\u015bcicielem utworzyli tymczasow\u0105 \u015bcian\u0119 w ocala\u0142ej cz\u0119\u015bci budynku. Do tego celu u\u017cyli plandek dostarczonych w \u015brodku nocy przez burmistrza gminy Opat\u00f3wek. Nast\u0119pnie stra\u017cacy oraz osoby zwi\u0105zane z w\u0142a\u015bcicielem przenosi\u0142y \u017cywe zwierz\u0119ta do bezpiecznego miejsca. Kurcz\u0119ta maj\u0105 7 tygodni, a przed katastrof\u0105 by\u0142o ich oko\u0142o 28 tysi\u0119cy sztuk.<\/p>\n<p><img loading=\"lazy\" decoding=\"async\" src=\"https:\/\/ostrowskatv.pl\/wp-content\/uploads\/2022\/01\/20220130_033920-01.jpeg\" alt=\"\" width=\"1366\" height=\"1025\" class=\"alignnone size-full wp-image-17559\" srcset=\"https:\/\/ostrowskatv.pl\/wp-content\/uploads\/2022\/01\/20220130_033920-01.jpeg 1366w, https:\/\/ostrowskatv.pl\/wp-content\/uploads\/2022\/01\/20220130_033920-01-300x225.jpeg 300w, https:\/\/ostrowskatv.pl\/wp-content\/uploads\/2022\/01\/20220130_033920-01-480x360.jpeg 480w\" sizes=\"auto, (max-width: 1366px) 100vw, 1366px\" \/><\/p>\n<p><img loading=\"lazy\" decoding=\"async\" src=\"https:\/\/ostrowskatv.pl\/wp-content\/uploads\/2022\/01\/20220130_033910-01.jpeg\" alt=\"\" width=\"1366\" height=\"1025\" class=\"alignnone size-full wp-image-17558\" srcset=\"https:\/\/ostrowskatv.pl\/wp-content\/uploads\/2022\/01\/20220130_033910-01.jpeg 1366w, https:\/\/ostrowskatv.pl\/wp-content\/uploads\/2022\/01\/20220130_033910-01-300x225.jpeg 300w, https:\/\/ostrowskatv.pl\/wp-content\/uploads\/2022\/01\/20220130_033910-01-480x360.jpeg 480w\" sizes=\"auto, (max-width: 1366px) 100vw, 1366px\" \/><\/p>\n<p><img loading=\"lazy\" decoding=\"async\" src=\"https:\/\/ostrowskatv.pl\/wp-content\/uploads\/2022\/01\/20220130_033637-01.jpeg\" alt=\"\" width=\"1366\" height=\"1025\" class=\"alignnone size-full wp-image-17557\" srcset=\"https:\/\/ostrowskatv.pl\/wp-content\/uploads\/2022\/01\/20220130_033637-01.jpeg 1366w, https:\/\/ostrowskatv.pl\/wp-content\/uploads\/2022\/01\/20220130_033637-01-300x225.jpeg 300w, https:\/\/ostrowskatv.pl\/wp-content\/uploads\/2022\/01\/20220130_033637-01-480x360.jpeg 480w\" sizes=\"auto, (max-width: 1366px) 100vw, 1366px\" \/><\/p>\n<p><img loading=\"lazy\" decoding=\"async\" src=\"https:\/\/ostrowskatv.pl\/wp-content\/uploads\/2022\/01\/20220130_033627-01.jpeg\" alt=\"\" width=\"1366\" height=\"1025\" class=\"alignnone size-full wp-image-17556\" srcset=\"https:\/\/ostrowskatv.pl\/wp-content\/uploads\/2022\/01\/20220130_033627-01.jpeg 1366w, https:\/\/ostrowskatv.pl\/wp-content\/uploads\/2022\/01\/20220130_033627-01-300x225.jpeg 300w, https:\/\/ostrowskatv.pl\/wp-content\/uploads\/2022\/01\/20220130_033627-01-480x360.jpeg 480w\" sizes=\"auto, (max-width: 1366px) 100vw, 1366px\" \/><\/p>\n<p><img loading=\"lazy\" decoding=\"async\" src=\"https:\/\/ostrowskatv.pl\/wp-content\/uploads\/2022\/01\/20220130_032649-01.jpeg\" alt=\"\" width=\"1366\" height=\"1025\" class=\"alignnone size-full wp-image-17555\" srcset=\"https:\/\/ostrowskatv.pl\/wp-content\/uploads\/2022\/01\/20220130_032649-01.jpeg 1366w, https:\/\/ostrowskatv.pl\/wp-content\/uploads\/2022\/01\/20220130_032649-01-300x225.jpeg 300w, https:\/\/ostrowskatv.pl\/wp-content\/uploads\/2022\/01\/20220130_032649-01-480x360.jpeg 480w\" sizes=\"auto, (max-width: 1366px) 100vw, 1366px\" \/><\/p>\n<p><img loading=\"lazy\" decoding=\"async\" src=\"https:\/\/ostrowskatv.pl\/wp-content\/uploads\/2022\/01\/20220130_032643-01.jpeg\" alt=\"\" width=\"1366\" height=\"1025\" class=\"alignnone size-full wp-image-17554\" srcset=\"https:\/\/ostrowskatv.pl\/wp-content\/uploads\/2022\/01\/20220130_032643-01.jpeg 1366w, https:\/\/ostrowskatv.pl\/wp-content\/uploads\/2022\/01\/20220130_032643-01-300x225.jpeg 300w, https:\/\/ostrowskatv.pl\/wp-content\/uploads\/2022\/01\/20220130_032643-01-480x360.jpeg 480w\" sizes=\"auto, (max-width: 1366px) 100vw, 1366px\" \/><\/p>\n<p>Poza tym na terenie powiatu ostrowskiego odnotowano nast\u0119puj\u0105ce zg\u0142oszenia:<br \/>\nTrzcieliny &#8211; powalone drzewo na drog\u0119.<br \/>\nRaczyce &#8211; drzewo na skrzy\u017cowaniu<br \/>\nLigota &#8211; uszkodzona konstrukcja komina<br \/>\nPrzygodzice &#8211; drzewa na drodze<br \/>\nWierzbno &#8211; drzewo na drodze<br \/>\nD\u0119bnica oraz ul. Dworcowa w Ostrowie Wlkp. &#8211; uszkodzenie lini energetycznej<br \/>\ntrasa So\u015bnie-Granowiec &#8211; drzewa na drodze<br \/>\ntrasa Huta-Nadstawki &#8211; drzewo na drodze<br \/>\nOdolan\u00f3w &#8211; drzewa na drodze<br \/>\nLigota &#8211; uszkodzony dach<\/p>\n<p>Wypadek \u015bmiertelny ko\u0142o Wejherowa (wojew\u00f3dztwo pomorskie)<br \/>\n<iframe loading=\"lazy\" src=\"https:\/\/www.facebook.com\/plugins\/video.php?height=317&#038;href=https%3A%2F%2Fwww.facebook.com%2Fremizacompl%2Fvideos%2F1005600136662124%2F&#038;show_text=false&#038;width=560&#038;t=0\" width=\"560\" height=\"317\" style=\"border:none;overflow:hidden\" scrolling=\"no\" frameborder=\"0\" allowfullscreen=\"true\" allow=\"autoplay; clipboard-write; encrypted-media; picture-in-picture; web-share\" allowFullScreen=\"true\"><\/iframe><\/p>\n","protected":false},"excerpt":{"rendered":"Porywisty wiatr da\u0142 si\u0119 we znaki stra\u017cakom z po\u0142udniowej Wielkopolski. Przez ca\u0142\u0105 noc usuwali poprzewracane drzewa. Na naszym terenie nikt nie zgin\u0105\u0142, ale \n<a class=\"moretag\" href=\"https:\/\/ostrowskatv.pl\/?p=17551\"> [...]<\/a>","protected":false},"author":1,"featured_media":17557,"comment_status":"open","ping_status":"closed","sticky":false,"template":"","format":"standard","meta":{"footnotes":""},"categories":[1],"tags":[217],"class_list":["post-17551","post","type-post","status-publish","format-standard","has-post-thumbnail","hentry","category-news","tag-wichura"],"_links":{"self":[{"href":"https:\/\/ostrowskatv.pl\/index.php?rest_route=\/wp\/v2\/posts\/17551","targetHints":{"allow":["GET"]}}],"collection":[{"href":"https:\/\/ostrowskatv.pl\/index.php?rest_route=\/wp\/v2\/posts"}],"about":[{"href":"https:\/\/ostrowskatv.pl\/index.php?rest_route=\/wp\/v2\/types\/post"}],"author":[{"embeddable":true,"href":"https:\/\/ostrowskatv.pl\/index.php?rest_route=\/wp\/v2\/users\/1"}],"replies":[{"embeddable":true,"href":"https:\/\/ostrowskatv.pl\/index.php?rest_route=%2Fwp%2Fv2%2Fcomments&post=17551"}],"version-history":[{"count":0,"href":"https:\/\/ostrowskatv.pl\/index.php?rest_route=\/wp\/v2\/posts\/17551\/revisions"}],"wp:featuredmedia":[{"embeddable":true,"href":"https:\/\/ostrowskatv.pl\/index.php?rest_route=\/wp\/v2\/media\/17557"}],"wp:attachment":[{"href":"https:\/\/ostrowskatv.pl\/index.php?rest_route=%2Fwp%2Fv2%2Fmedia&parent=17551"}],"wp:term":[{"taxonomy":"category","embeddable":true,"href":"https:\/\/ostrowskatv.pl\/index.php?rest_route=%2Fwp%2Fv2%2Fcategories&post=17551"},{"taxonomy":"post_tag","embeddable":true,"href":"https:\/\/ostrowskatv.pl\/index.php?rest_route=%2Fwp%2Fv2%2Ftags&post=17551"}],"curies":[{"name":"wp","href":"https:\/\/api.w.org\/{rel}","templated":true}]}}