{"id":17547,"date":"2022-01-29T12:26:24","date_gmt":"2022-01-29T11:26:24","guid":{"rendered":"https:\/\/ostrowskatv.pl\/?p=17547"},"modified":"2022-01-29T12:26:24","modified_gmt":"2022-01-29T11:26:24","slug":"pozar-luksusowego-samochodu","status":"publish","type":"post","link":"https:\/\/ostrowskatv.pl\/?p=17547","title":{"rendered":"Po\u017car luksusowego samochodu"},"content":{"rendered":"<p><strong>Stra\u017cacy maj\u0105 dzi\u015b sporo pracy. Zanim zako\u0144czy\u0142a si\u0119 akcja przy po\u017carze domu, kolejne zast\u0119py wys\u0142ano do po\u017caru samochodu.<\/strong><\/p>\n<p>Audi na zagranicznych tablicach rejestracyjnych sta\u0142o zaparkowane na posesji przy ulicy Pozna\u0144skiej w Ostrowie Wielkopolskim. Ogie\u0144 pojawi\u0142 si\u0119 w komorze silnika. Na miejscu interweniowa\u0142 zast\u0119p stra\u017cak\u00f3w z OSP Sieroszewice oraz drugi z Ostrowa Wielkopolskiego. Ten pierwszy przyjecha\u0142 na zabezpieczenie rejonu miasta, z powodu zaj\u0119cia innych zast\u0119p\u00f3w na po\u017carze domu. <\/p>\n<p>Po kilku chwilach jednostki z Przygodzic i Jankowa Przygodzkiego pojecha\u0142y na po\u017car sadzy w kominie przy ulicy Go\u0142\u0119biej w Ostrowie Wielkopolskim. <\/p>\n<p><img loading=\"lazy\" decoding=\"async\" src=\"https:\/\/ostrowskatv.pl\/wp-content\/uploads\/2022\/01\/20220129_115737-01.jpeg\" alt=\"\" width=\"1366\" height=\"1025\" class=\"alignnone size-full wp-image-17548\" srcset=\"https:\/\/ostrowskatv.pl\/wp-content\/uploads\/2022\/01\/20220129_115737-01.jpeg 1366w, https:\/\/ostrowskatv.pl\/wp-content\/uploads\/2022\/01\/20220129_115737-01-300x225.jpeg 300w, https:\/\/ostrowskatv.pl\/wp-content\/uploads\/2022\/01\/20220129_115737-01-480x360.jpeg 480w\" sizes=\"auto, (max-width: 1366px) 100vw, 1366px\" \/><\/p>\n<p><img loading=\"lazy\" decoding=\"async\" src=\"https:\/\/ostrowskatv.pl\/wp-content\/uploads\/2022\/01\/20220129_115751-01.jpeg\" alt=\"\" width=\"1366\" height=\"934\" class=\"alignnone size-full wp-image-17549\" srcset=\"https:\/\/ostrowskatv.pl\/wp-content\/uploads\/2022\/01\/20220129_115751-01.jpeg 1366w, https:\/\/ostrowskatv.pl\/wp-content\/uploads\/2022\/01\/20220129_115751-01-300x205.jpeg 300w, https:\/\/ostrowskatv.pl\/wp-content\/uploads\/2022\/01\/20220129_115751-01-527x360.jpeg 527w\" sizes=\"auto, (max-width: 1366px) 100vw, 1366px\" \/><\/p>\n","protected":false},"excerpt":{"rendered":"Stra\u017cacy maj\u0105 dzi\u015b sporo pracy. Zanim zako\u0144czy\u0142a si\u0119 akcja przy po\u017carze domu, kolejne zast\u0119py wys\u0142ano do po\u017caru samochodu. Audi na zagranicznych tablicach rejestracyjnych \n<a class=\"moretag\" href=\"https:\/\/ostrowskatv.pl\/?p=17547\"> [...]<\/a>","protected":false},"author":1,"featured_media":17549,"comment_status":"open","ping_status":"closed","sticky":false,"template":"","format":"standard","meta":{"footnotes":""},"categories":[1],"tags":[2],"class_list":["post-17547","post","type-post","status-publish","format-standard","has-post-thumbnail","hentry","category-news","tag-ostrow-wielkopolski"],"_links":{"self":[{"href":"https:\/\/ostrowskatv.pl\/index.php?rest_route=\/wp\/v2\/posts\/17547","targetHints":{"allow":["GET"]}}],"collection":[{"href":"https:\/\/ostrowskatv.pl\/index.php?rest_route=\/wp\/v2\/posts"}],"about":[{"href":"https:\/\/ostrowskatv.pl\/index.php?rest_route=\/wp\/v2\/types\/post"}],"author":[{"embeddable":true,"href":"https:\/\/ostrowskatv.pl\/index.php?rest_route=\/wp\/v2\/users\/1"}],"replies":[{"embeddable":true,"href":"https:\/\/ostrowskatv.pl\/index.php?rest_route=%2Fwp%2Fv2%2Fcomments&post=17547"}],"version-history":[{"count":0,"href":"https:\/\/ostrowskatv.pl\/index.php?rest_route=\/wp\/v2\/posts\/17547\/revisions"}],"wp:featuredmedia":[{"embeddable":true,"href":"https:\/\/ostrowskatv.pl\/index.php?rest_route=\/wp\/v2\/media\/17549"}],"wp:attachment":[{"href":"https:\/\/ostrowskatv.pl\/index.php?rest_route=%2Fwp%2Fv2%2Fmedia&parent=17547"}],"wp:term":[{"taxonomy":"category","embeddable":true,"href":"https:\/\/ostrowskatv.pl\/index.php?rest_route=%2Fwp%2Fv2%2Fcategories&post=17547"},{"taxonomy":"post_tag","embeddable":true,"href":"https:\/\/ostrowskatv.pl\/index.php?rest_route=%2Fwp%2Fv2%2Ftags&post=17547"}],"curies":[{"name":"wp","href":"https:\/\/api.w.org\/{rel}","templated":true}]}}