{"id":17535,"date":"2022-01-29T10:54:17","date_gmt":"2022-01-29T09:54:17","guid":{"rendered":"https:\/\/ostrowskatv.pl\/?p=17535"},"modified":"2022-01-29T10:59:32","modified_gmt":"2022-01-29T09:59:32","slug":"pozar-domu-przy-chlopickiego","status":"publish","type":"post","link":"https:\/\/ostrowskatv.pl\/?p=17535","title":{"rendered":"Po\u017car domu przy Ch\u0142opickiego"},"content":{"rendered":"<p>W sobotnie przedpo\u0142udnie dosz\u0142o do po\u017caru domu jednorodzinnego przy ulicy Ch\u0142opickiego w Ostrowie Wielkopolskim. Ogie\u0144 obejmowa\u0142 poddasze i wiele wskazuje na to, \u017ce jego \u017ar\u00f3d\u0142em by\u0142 przew\u00f3d kominowy.<\/p>\n<p>Oko\u0142o 10 lat temu w budynku na parterze znajdowa\u0142 si\u0119 sklep. Obecnie ca\u0142y budynek by\u0142 przeznaczony na cz\u0119\u015b\u0107 mieszkaln\u0105.<\/p>\n<p>W zdarzeniu nikt nie ucierpia\u0142.<\/p>\n<p><img loading=\"lazy\" decoding=\"async\" src=\"https:\/\/ostrowskatv.pl\/wp-content\/uploads\/2022\/01\/20220129_105429-01.jpeg\" alt=\"\" width=\"1025\" height=\"1366\" class=\"alignnone size-full wp-image-17545\" srcset=\"https:\/\/ostrowskatv.pl\/wp-content\/uploads\/2022\/01\/20220129_105429-01.jpeg 1025w, https:\/\/ostrowskatv.pl\/wp-content\/uploads\/2022\/01\/20220129_105429-01-225x300.jpeg 225w, https:\/\/ostrowskatv.pl\/wp-content\/uploads\/2022\/01\/20220129_105429-01-270x360.jpeg 270w\" sizes=\"auto, (max-width: 1025px) 100vw, 1025px\" \/><\/p>\n<p><img loading=\"lazy\" decoding=\"async\" src=\"https:\/\/ostrowskatv.pl\/wp-content\/uploads\/2022\/01\/20220129_104058-01.jpeg\" alt=\"\" width=\"1366\" height=\"1025\" class=\"alignnone size-full wp-image-17536\" srcset=\"https:\/\/ostrowskatv.pl\/wp-content\/uploads\/2022\/01\/20220129_104058-01.jpeg 1366w, https:\/\/ostrowskatv.pl\/wp-content\/uploads\/2022\/01\/20220129_104058-01-300x225.jpeg 300w, https:\/\/ostrowskatv.pl\/wp-content\/uploads\/2022\/01\/20220129_104058-01-480x360.jpeg 480w\" sizes=\"auto, (max-width: 1366px) 100vw, 1366px\" \/><\/p>\n<p><img loading=\"lazy\" decoding=\"async\" src=\"https:\/\/ostrowskatv.pl\/wp-content\/uploads\/2022\/01\/20220129_104101-01.jpeg\" alt=\"\" width=\"1366\" height=\"1025\" class=\"alignnone size-full wp-image-17537\" srcset=\"https:\/\/ostrowskatv.pl\/wp-content\/uploads\/2022\/01\/20220129_104101-01.jpeg 1366w, https:\/\/ostrowskatv.pl\/wp-content\/uploads\/2022\/01\/20220129_104101-01-300x225.jpeg 300w, https:\/\/ostrowskatv.pl\/wp-content\/uploads\/2022\/01\/20220129_104101-01-480x360.jpeg 480w\" sizes=\"auto, (max-width: 1366px) 100vw, 1366px\" \/><\/p>\n<p><img loading=\"lazy\" decoding=\"async\" src=\"https:\/\/ostrowskatv.pl\/wp-content\/uploads\/2022\/01\/20220129_104115-01.jpeg\" alt=\"\" width=\"1366\" height=\"1025\" class=\"alignnone size-full wp-image-17538\" srcset=\"https:\/\/ostrowskatv.pl\/wp-content\/uploads\/2022\/01\/20220129_104115-01.jpeg 1366w, https:\/\/ostrowskatv.pl\/wp-content\/uploads\/2022\/01\/20220129_104115-01-300x225.jpeg 300w, https:\/\/ostrowskatv.pl\/wp-content\/uploads\/2022\/01\/20220129_104115-01-480x360.jpeg 480w\" sizes=\"auto, (max-width: 1366px) 100vw, 1366px\" \/><\/p>\n<p><img loading=\"lazy\" decoding=\"async\" src=\"https:\/\/ostrowskatv.pl\/wp-content\/uploads\/2022\/01\/20220129_104135-01.jpeg\" alt=\"\" width=\"1366\" height=\"1025\" class=\"alignnone size-full wp-image-17539\" srcset=\"https:\/\/ostrowskatv.pl\/wp-content\/uploads\/2022\/01\/20220129_104135-01.jpeg 1366w, https:\/\/ostrowskatv.pl\/wp-content\/uploads\/2022\/01\/20220129_104135-01-300x225.jpeg 300w, https:\/\/ostrowskatv.pl\/wp-content\/uploads\/2022\/01\/20220129_104135-01-480x360.jpeg 480w\" sizes=\"auto, (max-width: 1366px) 100vw, 1366px\" \/><\/p>\n<p><img loading=\"lazy\" decoding=\"async\" src=\"https:\/\/ostrowskatv.pl\/wp-content\/uploads\/2022\/01\/20220129_104153-01.jpeg\" alt=\"\" width=\"1366\" height=\"1025\" class=\"alignnone size-full wp-image-17540\" srcset=\"https:\/\/ostrowskatv.pl\/wp-content\/uploads\/2022\/01\/20220129_104153-01.jpeg 1366w, https:\/\/ostrowskatv.pl\/wp-content\/uploads\/2022\/01\/20220129_104153-01-300x225.jpeg 300w, https:\/\/ostrowskatv.pl\/wp-content\/uploads\/2022\/01\/20220129_104153-01-480x360.jpeg 480w\" sizes=\"auto, (max-width: 1366px) 100vw, 1366px\" \/><\/p>\n<p><img loading=\"lazy\" decoding=\"async\" src=\"https:\/\/ostrowskatv.pl\/wp-content\/uploads\/2022\/01\/20220129_104300-01.jpeg\" alt=\"\" width=\"1366\" height=\"1025\" class=\"alignnone size-full wp-image-17541\" srcset=\"https:\/\/ostrowskatv.pl\/wp-content\/uploads\/2022\/01\/20220129_104300-01.jpeg 1366w, https:\/\/ostrowskatv.pl\/wp-content\/uploads\/2022\/01\/20220129_104300-01-300x225.jpeg 300w, https:\/\/ostrowskatv.pl\/wp-content\/uploads\/2022\/01\/20220129_104300-01-480x360.jpeg 480w\" sizes=\"auto, (max-width: 1366px) 100vw, 1366px\" \/><\/p>\n<p><img loading=\"lazy\" decoding=\"async\" src=\"https:\/\/ostrowskatv.pl\/wp-content\/uploads\/2022\/01\/20220129_104738-01.jpeg\" alt=\"\" width=\"1366\" height=\"1025\" class=\"alignnone size-full wp-image-17542\" srcset=\"https:\/\/ostrowskatv.pl\/wp-content\/uploads\/2022\/01\/20220129_104738-01.jpeg 1366w, https:\/\/ostrowskatv.pl\/wp-content\/uploads\/2022\/01\/20220129_104738-01-300x225.jpeg 300w, https:\/\/ostrowskatv.pl\/wp-content\/uploads\/2022\/01\/20220129_104738-01-480x360.jpeg 480w\" sizes=\"auto, (max-width: 1366px) 100vw, 1366px\" \/><\/p>\n<p><img loading=\"lazy\" decoding=\"async\" src=\"https:\/\/ostrowskatv.pl\/wp-content\/uploads\/2022\/01\/20220129_104816-01.jpeg\" alt=\"\" width=\"1366\" height=\"1025\" class=\"alignnone size-full wp-image-17543\" srcset=\"https:\/\/ostrowskatv.pl\/wp-content\/uploads\/2022\/01\/20220129_104816-01.jpeg 1366w, https:\/\/ostrowskatv.pl\/wp-content\/uploads\/2022\/01\/20220129_104816-01-300x225.jpeg 300w, https:\/\/ostrowskatv.pl\/wp-content\/uploads\/2022\/01\/20220129_104816-01-480x360.jpeg 480w\" sizes=\"auto, (max-width: 1366px) 100vw, 1366px\" \/><\/p>\n","protected":false},"excerpt":{"rendered":"W sobotnie przedpo\u0142udnie dosz\u0142o do po\u017caru domu jednorodzinnego przy ulicy Ch\u0142opickiego w Ostrowie Wielkopolskim. Ogie\u0144 obejmowa\u0142 poddasze i wiele wskazuje na to, \u017ce \n<a class=\"moretag\" href=\"https:\/\/ostrowskatv.pl\/?p=17535\"> [...]<\/a>","protected":false},"author":1,"featured_media":17538,"comment_status":"open","ping_status":"closed","sticky":false,"template":"","format":"standard","meta":{"footnotes":""},"categories":[1],"tags":[2],"class_list":["post-17535","post","type-post","status-publish","format-standard","has-post-thumbnail","hentry","category-news","tag-ostrow-wielkopolski"],"_links":{"self":[{"href":"https:\/\/ostrowskatv.pl\/index.php?rest_route=\/wp\/v2\/posts\/17535","targetHints":{"allow":["GET"]}}],"collection":[{"href":"https:\/\/ostrowskatv.pl\/index.php?rest_route=\/wp\/v2\/posts"}],"about":[{"href":"https:\/\/ostrowskatv.pl\/index.php?rest_route=\/wp\/v2\/types\/post"}],"author":[{"embeddable":true,"href":"https:\/\/ostrowskatv.pl\/index.php?rest_route=\/wp\/v2\/users\/1"}],"replies":[{"embeddable":true,"href":"https:\/\/ostrowskatv.pl\/index.php?rest_route=%2Fwp%2Fv2%2Fcomments&post=17535"}],"version-history":[{"count":0,"href":"https:\/\/ostrowskatv.pl\/index.php?rest_route=\/wp\/v2\/posts\/17535\/revisions"}],"wp:featuredmedia":[{"embeddable":true,"href":"https:\/\/ostrowskatv.pl\/index.php?rest_route=\/wp\/v2\/media\/17538"}],"wp:attachment":[{"href":"https:\/\/ostrowskatv.pl\/index.php?rest_route=%2Fwp%2Fv2%2Fmedia&parent=17535"}],"wp:term":[{"taxonomy":"category","embeddable":true,"href":"https:\/\/ostrowskatv.pl\/index.php?rest_route=%2Fwp%2Fv2%2Fcategories&post=17535"},{"taxonomy":"post_tag","embeddable":true,"href":"https:\/\/ostrowskatv.pl\/index.php?rest_route=%2Fwp%2Fv2%2Ftags&post=17535"}],"curies":[{"name":"wp","href":"https:\/\/api.w.org\/{rel}","templated":true}]}}