{"id":1751,"date":"2016-06-28T21:53:14","date_gmt":"2016-06-28T20:53:14","guid":{"rendered":"http:\/\/ostrowska.tv\/?p=1751"},"modified":"2016-06-28T21:53:14","modified_gmt":"2016-06-28T20:53:14","slug":"odzyskane-bmw-sprawcy-sie-zabawiali","status":"publish","type":"post","link":"https:\/\/ostrowskatv.pl\/?p=1751","title":{"rendered":"Odzyskane BMW, sprawcy si\u0119 zabawiali"},"content":{"rendered":"<p><strong>W nocy z soboty na niedziel\u0119 porzucono samoch\u00f3d BMW pod jedn\u0105 z posesji w Wysocku Ma\u0142ym. Jak si\u0119 okaza\u0142o, osob\u00f3wka zosta\u0142a skradziona dzie\u0144 wcze\u015bniej w Kobylej G\u00f3rze. W mi\u0119dzy czasie sprawcy zd\u0105\u017cyli m.in. ukra\u015b\u0107 paliwo na jednej ze stacji paliw. M\u0119\u017cczy\u017ani mieli \u0142ama\u0107 r\u00f3wnie\u017c inne przepisy. Ostrowska policja jednak na ten moment nie ujawnia szczeg\u00f3\u0142\u00f3w zwi\u0105zanych ze spraw\u0105, jak zwykle zreszt\u0105, do czasu uj\u0119cia sprawc\u00f3w.<br \/>\n<\/strong><\/p>\n<p>Technik kryminalistyki bardzo drobiazgowo zabezpieczy\u0142 materia\u0142y DNA oraz odciski palc\u00f3w. Z\u0142odzieje auta byli do tego stopnia amatorami, \u017ce tablic\u0119 rejestracyjn\u0105 tyln\u0105 i naklejk\u0119 na przedniej szybie zakleili etykiet\u0105 od p\u0142ynu letniego do spryskiwaczy. Z przodu auta umie\u015bcili tablic\u0119 pochodz\u0105c\u0105 od jednego z francuskich aut. Znaleziono we wn\u0119trzu szalik polskiej reprezentacji co mo\u017ce oznacza\u0107, \u017ce panowie w mi\u0119dzy czasie kibicowali polskiej reprezentacji.<\/p>\n<div id='gallery-1' class='gallery galleryid-1751 gallery-columns-3 gallery-size-thumbnail'><figure class='gallery-item'>\n\t\t\t<div class='gallery-icon landscape'>\n\t\t\t\t<a href='https:\/\/ostrowskatv.pl\/?attachment_id=1753'><img loading=\"lazy\" decoding=\"async\" width=\"150\" height=\"150\" src=\"https:\/\/ostrowskatv.pl\/wp-content\/uploads\/2016\/06\/bmw-odzyskane-1-1-150x150.jpg\" class=\"attachment-thumbnail size-thumbnail\" alt=\"\" \/><\/a>\n\t\t\t<\/div><\/figure><figure class='gallery-item'>\n\t\t\t<div class='gallery-icon landscape'>\n\t\t\t\t<a href='https:\/\/ostrowskatv.pl\/?attachment_id=1754'><img loading=\"lazy\" decoding=\"async\" width=\"150\" height=\"150\" src=\"https:\/\/ostrowskatv.pl\/wp-content\/uploads\/2016\/06\/bmw-odzyskane-2-150x150.jpg\" class=\"attachment-thumbnail size-thumbnail\" alt=\"\" \/><\/a>\n\t\t\t<\/div><\/figure><figure class='gallery-item'>\n\t\t\t<div class='gallery-icon landscape'>\n\t\t\t\t<a href='https:\/\/ostrowskatv.pl\/?attachment_id=1755'><img loading=\"lazy\" decoding=\"async\" width=\"150\" height=\"150\" src=\"https:\/\/ostrowskatv.pl\/wp-content\/uploads\/2016\/06\/bmw-odzyskane-3-150x150.jpg\" class=\"attachment-thumbnail size-thumbnail\" alt=\"\" \/><\/a>\n\t\t\t<\/div><\/figure><figure class='gallery-item'>\n\t\t\t<div class='gallery-icon portrait'>\n\t\t\t\t<a href='https:\/\/ostrowskatv.pl\/?attachment_id=1756'><img loading=\"lazy\" decoding=\"async\" width=\"150\" height=\"150\" src=\"https:\/\/ostrowskatv.pl\/wp-content\/uploads\/2016\/06\/bmw-odzyskane-4-150x150.jpg\" class=\"attachment-thumbnail size-thumbnail\" alt=\"\" \/><\/a>\n\t\t\t<\/div><\/figure><figure class='gallery-item'>\n\t\t\t<div class='gallery-icon landscape'>\n\t\t\t\t<a href='https:\/\/ostrowskatv.pl\/?attachment_id=1757'><img loading=\"lazy\" decoding=\"async\" width=\"150\" height=\"150\" src=\"https:\/\/ostrowskatv.pl\/wp-content\/uploads\/2016\/06\/bmw-odzyskane-5-150x150.jpg\" class=\"attachment-thumbnail size-thumbnail\" alt=\"\" \/><\/a>\n\t\t\t<\/div><\/figure>\n\t\t<\/div>\n\n","protected":false},"excerpt":{"rendered":"W nocy z soboty na niedziel\u0119 porzucono samoch\u00f3d BMW pod jedn\u0105 z posesji w Wysocku Ma\u0142ym. Jak si\u0119 okaza\u0142o, osob\u00f3wka zosta\u0142a skradziona dzie\u0144 \n<a class=\"moretag\" href=\"https:\/\/ostrowskatv.pl\/?p=1751\"> [...]<\/a>","protected":false},"author":1,"featured_media":1752,"comment_status":"open","ping_status":"open","sticky":false,"template":"","format":"standard","meta":{"footnotes":""},"categories":[1],"tags":[84],"class_list":["post-1751","post","type-post","status-publish","format-standard","has-post-thumbnail","hentry","category-news","tag-wysocko-male"],"_links":{"self":[{"href":"https:\/\/ostrowskatv.pl\/index.php?rest_route=\/wp\/v2\/posts\/1751","targetHints":{"allow":["GET"]}}],"collection":[{"href":"https:\/\/ostrowskatv.pl\/index.php?rest_route=\/wp\/v2\/posts"}],"about":[{"href":"https:\/\/ostrowskatv.pl\/index.php?rest_route=\/wp\/v2\/types\/post"}],"author":[{"embeddable":true,"href":"https:\/\/ostrowskatv.pl\/index.php?rest_route=\/wp\/v2\/users\/1"}],"replies":[{"embeddable":true,"href":"https:\/\/ostrowskatv.pl\/index.php?rest_route=%2Fwp%2Fv2%2Fcomments&post=1751"}],"version-history":[{"count":0,"href":"https:\/\/ostrowskatv.pl\/index.php?rest_route=\/wp\/v2\/posts\/1751\/revisions"}],"wp:featuredmedia":[{"embeddable":true,"href":"https:\/\/ostrowskatv.pl\/index.php?rest_route=\/wp\/v2\/media\/1752"}],"wp:attachment":[{"href":"https:\/\/ostrowskatv.pl\/index.php?rest_route=%2Fwp%2Fv2%2Fmedia&parent=1751"}],"wp:term":[{"taxonomy":"category","embeddable":true,"href":"https:\/\/ostrowskatv.pl\/index.php?rest_route=%2Fwp%2Fv2%2Fcategories&post=1751"},{"taxonomy":"post_tag","embeddable":true,"href":"https:\/\/ostrowskatv.pl\/index.php?rest_route=%2Fwp%2Fv2%2Ftags&post=1751"}],"curies":[{"name":"wp","href":"https:\/\/api.w.org\/{rel}","templated":true}]}}