{"id":17405,"date":"2022-01-15T17:16:02","date_gmt":"2022-01-15T16:16:02","guid":{"rendered":"https:\/\/ostrowskatv.pl\/?p=17405"},"modified":"2022-01-15T18:35:27","modified_gmt":"2022-01-15T17:35:27","slug":"80-latka-w-cinquecento-wjechala-w-opla","status":"publish","type":"post","link":"https:\/\/ostrowskatv.pl\/?p=17405","title":{"rendered":"80-latka w cinquecento wjecha\u0142a w opla"},"content":{"rendered":"<p><strong>Tu\u017c przed godzin\u0105 16 dosz\u0142o do wypadku dw\u00f3ch aut osobowych na skrzy\u017cowaniu ulic Konopnickiej i Kasprowicza w Ostrowie Wielkopolskim. Sprawczyni\u0105 i zarazem osob\u0105, kt\u00f3ra mog\u0142a odnie\u015b\u0107 obra\u017cenia by\u0142a 80-letnia kobieta.<\/strong><\/p>\n<p>Kobieta jad\u0105c fiatem wyjecha\u0142a z ulicy Kasprowicza i uderzy\u0142a w opla jad\u0105cego w stron\u0119 ulicy w Reymonta. Kobieta by\u0142a zaskoczona pojawieniem si\u0119 opla i domniema\u0142a, \u017ce opel m\u00f3g\u0142 si\u0119 zbyt szybko porusza\u0107. <\/p>\n<p>Kobieta by\u0142a przytomna i uskar\u017ca\u0142a si\u0119 na b\u00f3l w klatce piersiowej. Na miejsce wys\u0142ano stra\u017c po\u017carn\u0105, karetk\u0119 oraz policj\u0119.<\/p>\n<p><iframe loading=\"lazy\" title=\"Zderzenie cinquecento i opla w Ostrowie\" width=\"747\" height=\"420\" src=\"https:\/\/www.youtube.com\/embed\/2b_KMKLuQ_k?feature=oembed\" frameborder=\"0\" allow=\"accelerometer; autoplay; clipboard-write; encrypted-media; gyroscope; picture-in-picture; web-share\" referrerpolicy=\"strict-origin-when-cross-origin\" allowfullscreen><\/iframe><\/p>\n<p><img loading=\"lazy\" decoding=\"async\" src=\"https:\/\/ostrowskatv.pl\/wp-content\/uploads\/2022\/01\/20220115_155904-01.jpeg\" alt=\"\" width=\"1366\" height=\"826\" class=\"alignnone size-full wp-image-17406\" srcset=\"https:\/\/ostrowskatv.pl\/wp-content\/uploads\/2022\/01\/20220115_155904-01.jpeg 1366w, https:\/\/ostrowskatv.pl\/wp-content\/uploads\/2022\/01\/20220115_155904-01-300x181.jpeg 300w, https:\/\/ostrowskatv.pl\/wp-content\/uploads\/2022\/01\/20220115_155904-01-595x360.jpeg 595w\" sizes=\"auto, (max-width: 1366px) 100vw, 1366px\" \/><\/p>\n<p><img loading=\"lazy\" decoding=\"async\" src=\"https:\/\/ostrowskatv.pl\/wp-content\/uploads\/2022\/01\/20220115_155819-01.jpeg\" alt=\"\" width=\"1366\" height=\"1025\" class=\"alignnone size-full wp-image-17407\" srcset=\"https:\/\/ostrowskatv.pl\/wp-content\/uploads\/2022\/01\/20220115_155819-01.jpeg 1366w, https:\/\/ostrowskatv.pl\/wp-content\/uploads\/2022\/01\/20220115_155819-01-300x225.jpeg 300w, https:\/\/ostrowskatv.pl\/wp-content\/uploads\/2022\/01\/20220115_155819-01-480x360.jpeg 480w\" sizes=\"auto, (max-width: 1366px) 100vw, 1366px\" \/><\/p>\n","protected":false},"excerpt":{"rendered":"Tu\u017c przed godzin\u0105 16 dosz\u0142o do wypadku dw\u00f3ch aut osobowych na skrzy\u017cowaniu ulic Konopnickiej i Kasprowicza w Ostrowie Wielkopolskim. Sprawczyni\u0105 i zarazem osob\u0105, \n<a class=\"moretag\" href=\"https:\/\/ostrowskatv.pl\/?p=17405\"> [...]<\/a>","protected":false},"author":1,"featured_media":17407,"comment_status":"open","ping_status":"closed","sticky":false,"template":"","format":"standard","meta":{"footnotes":""},"categories":[1],"tags":[2],"class_list":["post-17405","post","type-post","status-publish","format-standard","has-post-thumbnail","hentry","category-news","tag-ostrow-wielkopolski"],"_links":{"self":[{"href":"https:\/\/ostrowskatv.pl\/index.php?rest_route=\/wp\/v2\/posts\/17405","targetHints":{"allow":["GET"]}}],"collection":[{"href":"https:\/\/ostrowskatv.pl\/index.php?rest_route=\/wp\/v2\/posts"}],"about":[{"href":"https:\/\/ostrowskatv.pl\/index.php?rest_route=\/wp\/v2\/types\/post"}],"author":[{"embeddable":true,"href":"https:\/\/ostrowskatv.pl\/index.php?rest_route=\/wp\/v2\/users\/1"}],"replies":[{"embeddable":true,"href":"https:\/\/ostrowskatv.pl\/index.php?rest_route=%2Fwp%2Fv2%2Fcomments&post=17405"}],"version-history":[{"count":0,"href":"https:\/\/ostrowskatv.pl\/index.php?rest_route=\/wp\/v2\/posts\/17405\/revisions"}],"wp:featuredmedia":[{"embeddable":true,"href":"https:\/\/ostrowskatv.pl\/index.php?rest_route=\/wp\/v2\/media\/17407"}],"wp:attachment":[{"href":"https:\/\/ostrowskatv.pl\/index.php?rest_route=%2Fwp%2Fv2%2Fmedia&parent=17405"}],"wp:term":[{"taxonomy":"category","embeddable":true,"href":"https:\/\/ostrowskatv.pl\/index.php?rest_route=%2Fwp%2Fv2%2Fcategories&post=17405"},{"taxonomy":"post_tag","embeddable":true,"href":"https:\/\/ostrowskatv.pl\/index.php?rest_route=%2Fwp%2Fv2%2Ftags&post=17405"}],"curies":[{"name":"wp","href":"https:\/\/api.w.org\/{rel}","templated":true}]}}