{"id":17380,"date":"2022-01-14T16:38:47","date_gmt":"2022-01-14T15:38:47","guid":{"rendered":"https:\/\/ostrowskatv.pl\/?p=17380"},"modified":"2022-01-14T16:39:01","modified_gmt":"2022-01-14T15:39:01","slug":"zmarl-przy-sklepie","status":"publish","type":"post","link":"https:\/\/ostrowskatv.pl\/?p=17380","title":{"rendered":"Zmar\u0142 nagle przy sklepie"},"content":{"rendered":"<p><strong>Dzi\u015b przed po\u0142udniem dosz\u0142o do nag\u0142ej \u015bmierci przy jednym ze sklep\u00f3w. Jak nieoficjalnie si\u0119 dowiedzieli\u015bmy, do \u015bmierci mia\u0142o doj\u015b\u0107 w miejscu przylegaj\u0105cym do sklepu w kt\u00f3rym cz\u0119sto przebywali niekt\u00f3rzy klienci.<\/strong><\/p>\n<p>Jeden z m\u0119\u017cczyzn nagle zmar\u0142. Do Jankowa Zale\u015bnego wys\u0142ano karetk\u0119 pogotowia ratunkowego i policj\u0119. <\/p>\n","protected":false},"excerpt":{"rendered":"Dzi\u015b przed po\u0142udniem dosz\u0142o do nag\u0142ej \u015bmierci przy jednym ze sklep\u00f3w. Jak nieoficjalnie si\u0119 dowiedzieli\u015bmy, do \u015bmierci mia\u0142o doj\u015b\u0107 w miejscu przylegaj\u0105cym do \n<a class=\"moretag\" href=\"https:\/\/ostrowskatv.pl\/?p=17380\"> [...]<\/a>","protected":false},"author":1,"featured_media":17381,"comment_status":"open","ping_status":"closed","sticky":false,"template":"","format":"standard","meta":{"footnotes":""},"categories":[1],"tags":[12],"class_list":["post-17380","post","type-post","status-publish","format-standard","has-post-thumbnail","hentry","category-news","tag-smierc"],"_links":{"self":[{"href":"https:\/\/ostrowskatv.pl\/index.php?rest_route=\/wp\/v2\/posts\/17380","targetHints":{"allow":["GET"]}}],"collection":[{"href":"https:\/\/ostrowskatv.pl\/index.php?rest_route=\/wp\/v2\/posts"}],"about":[{"href":"https:\/\/ostrowskatv.pl\/index.php?rest_route=\/wp\/v2\/types\/post"}],"author":[{"embeddable":true,"href":"https:\/\/ostrowskatv.pl\/index.php?rest_route=\/wp\/v2\/users\/1"}],"replies":[{"embeddable":true,"href":"https:\/\/ostrowskatv.pl\/index.php?rest_route=%2Fwp%2Fv2%2Fcomments&post=17380"}],"version-history":[{"count":0,"href":"https:\/\/ostrowskatv.pl\/index.php?rest_route=\/wp\/v2\/posts\/17380\/revisions"}],"wp:featuredmedia":[{"embeddable":true,"href":"https:\/\/ostrowskatv.pl\/index.php?rest_route=\/wp\/v2\/media\/17381"}],"wp:attachment":[{"href":"https:\/\/ostrowskatv.pl\/index.php?rest_route=%2Fwp%2Fv2%2Fmedia&parent=17380"}],"wp:term":[{"taxonomy":"category","embeddable":true,"href":"https:\/\/ostrowskatv.pl\/index.php?rest_route=%2Fwp%2Fv2%2Fcategories&post=17380"},{"taxonomy":"post_tag","embeddable":true,"href":"https:\/\/ostrowskatv.pl\/index.php?rest_route=%2Fwp%2Fv2%2Ftags&post=17380"}],"curies":[{"name":"wp","href":"https:\/\/api.w.org\/{rel}","templated":true}]}}