{"id":17374,"date":"2022-01-14T11:38:56","date_gmt":"2022-01-14T10:38:56","guid":{"rendered":"https:\/\/ostrowskatv.pl\/?p=17374"},"modified":"2022-01-14T11:39:42","modified_gmt":"2022-01-14T10:39:42","slug":"pijany-kierowca-w-aucie-radnej-ego-kto-kierowal","status":"publish","type":"post","link":"https:\/\/ostrowskatv.pl\/?p=17374","title":{"rendered":"Pijany kierowca w aucie radnej\/ego. Kto kierowa\u0142?"},"content":{"rendered":"<p><strong>Dzisiaj oko\u0142o godziny 7 rano policja zatrzyma\u0142a do kontroli samoch\u00f3d osobowy marki toyota. Za przedni\u0105 szyb\u0105 auta znajdowa\u0142a si\u0119 tabliczka informuj\u0105ca, \u017ce z auta mo\u017ce korzysta\u0107 radny miasta Ostrowa Wielkopolskiego.<\/strong><\/p>\n<p>Ta tabliczka nie jest immunitetem, dlatego funkcjonariusze poddali kierowc\u0119 badaniu na zawarto\u015b\u0107 alkoholu. Szybko okaza\u0142o si\u0119, \u017ce 44-letni kierowca ma w wydychanym powietrzu 1,34 promila. <\/p>\n<p>Nieoficjalnie dowiedzieli\u015bmy si\u0119, \u017ce ju\u017c wcze\u015bniej osoby postronne mia\u0142y podejrzenia co do stanu trze\u017awo\u015bci tego konkretnego kierowcy.<\/p>\n<p>Nieoficjalnie ustalili\u015bmy, \u017ce mo\u017ce to by\u0107 bliska osoba dla przedstawiciela Rady Miasta Ostrowa Wielkopolskiego. <\/p>\n<p><img loading=\"lazy\" decoding=\"async\" src=\"https:\/\/ostrowskatv.pl\/wp-content\/uploads\/2022\/01\/Autoradny2.jpeg\" alt=\"\" width=\"1200\" height=\"1120\" class=\"alignnone size-full wp-image-17375\" srcset=\"https:\/\/ostrowskatv.pl\/wp-content\/uploads\/2022\/01\/Autoradny2.jpeg 1200w, https:\/\/ostrowskatv.pl\/wp-content\/uploads\/2022\/01\/Autoradny2-300x280.jpeg 300w, https:\/\/ostrowskatv.pl\/wp-content\/uploads\/2022\/01\/Autoradny2-386x360.jpeg 386w\" sizes=\"auto, (max-width: 1200px) 100vw, 1200px\" \/><\/p>\n<p><img loading=\"lazy\" decoding=\"async\" src=\"https:\/\/ostrowskatv.pl\/wp-content\/uploads\/2022\/01\/Autoradny.jpeg\" alt=\"\" width=\"1200\" height=\"796\" class=\"alignnone size-full wp-image-17376\" srcset=\"https:\/\/ostrowskatv.pl\/wp-content\/uploads\/2022\/01\/Autoradny.jpeg 1200w, https:\/\/ostrowskatv.pl\/wp-content\/uploads\/2022\/01\/Autoradny-300x199.jpeg 300w, https:\/\/ostrowskatv.pl\/wp-content\/uploads\/2022\/01\/Autoradny-543x360.jpeg 543w\" sizes=\"auto, (max-width: 1200px) 100vw, 1200px\" \/><\/p>\n","protected":false},"excerpt":{"rendered":"Dzisiaj oko\u0142o godziny 7 rano policja zatrzyma\u0142a do kontroli samoch\u00f3d osobowy marki toyota. Za przedni\u0105 szyb\u0105 auta znajdowa\u0142a si\u0119 tabliczka informuj\u0105ca, \u017ce z \n<a class=\"moretag\" href=\"https:\/\/ostrowskatv.pl\/?p=17374\"> [...]<\/a>","protected":false},"author":1,"featured_media":17375,"comment_status":"open","ping_status":"closed","sticky":false,"template":"","format":"standard","meta":{"footnotes":""},"categories":[1],"tags":[4],"class_list":["post-17374","post","type-post","status-publish","format-standard","has-post-thumbnail","hentry","category-news","tag-alkohol"],"_links":{"self":[{"href":"https:\/\/ostrowskatv.pl\/index.php?rest_route=\/wp\/v2\/posts\/17374","targetHints":{"allow":["GET"]}}],"collection":[{"href":"https:\/\/ostrowskatv.pl\/index.php?rest_route=\/wp\/v2\/posts"}],"about":[{"href":"https:\/\/ostrowskatv.pl\/index.php?rest_route=\/wp\/v2\/types\/post"}],"author":[{"embeddable":true,"href":"https:\/\/ostrowskatv.pl\/index.php?rest_route=\/wp\/v2\/users\/1"}],"replies":[{"embeddable":true,"href":"https:\/\/ostrowskatv.pl\/index.php?rest_route=%2Fwp%2Fv2%2Fcomments&post=17374"}],"version-history":[{"count":0,"href":"https:\/\/ostrowskatv.pl\/index.php?rest_route=\/wp\/v2\/posts\/17374\/revisions"}],"wp:featuredmedia":[{"embeddable":true,"href":"https:\/\/ostrowskatv.pl\/index.php?rest_route=\/wp\/v2\/media\/17375"}],"wp:attachment":[{"href":"https:\/\/ostrowskatv.pl\/index.php?rest_route=%2Fwp%2Fv2%2Fmedia&parent=17374"}],"wp:term":[{"taxonomy":"category","embeddable":true,"href":"https:\/\/ostrowskatv.pl\/index.php?rest_route=%2Fwp%2Fv2%2Fcategories&post=17374"},{"taxonomy":"post_tag","embeddable":true,"href":"https:\/\/ostrowskatv.pl\/index.php?rest_route=%2Fwp%2Fv2%2Ftags&post=17374"}],"curies":[{"name":"wp","href":"https:\/\/api.w.org\/{rel}","templated":true}]}}