{"id":17360,"date":"2022-01-11T12:01:54","date_gmt":"2022-01-11T11:01:54","guid":{"rendered":"https:\/\/ostrowskatv.pl\/?p=17360"},"modified":"2022-01-11T12:01:54","modified_gmt":"2022-01-11T11:01:54","slug":"2-busy-zakleszczone-oberwala-tez-osobowka","status":"publish","type":"post","link":"https:\/\/ostrowskatv.pl\/?p=17360","title":{"rendered":"2 busy zakleszczone. Oberwa\u0142a te\u017c osob\u00f3wka"},"content":{"rendered":"<p><strong>Na trasie Ostr\u00f3w Wielkopolski &#8211; Kalisz dosz\u0142o do dw\u00f3ch kolizji z udzia\u0142em dw\u00f3ch bus\u00f3w oraz osob\u00f3wki. Nikt nie zosta\u0142 ranny. <\/strong><\/p>\n<p>Oko\u0142o godziny 10 na odcinku pomi\u0119dzy skr\u0119tem do Biskupic O\u0142obocznych, a wiaduktem w Skalmierzycach samoch\u00f3d marki peugeot nale\u017c\u0105cy do firmy pocztowej wjecha\u0142 w ty\u0142 hyundaia. Po chwili w ty\u0142 busa wjecha\u0142 drugi bus marki Volkswagen, kt\u00f3rym podr\u00f3\u017cowali pracownicy jednej z ostrowskich firm. Oba busy na tyle mocno si\u0119 szczepi\u0142y, \u017ce do ich roz\u0142\u0105czenia potrzebne by\u0142o u\u017cycie pomocy kolejnego pojazdu.<\/p>\n<p>Ruch odbywa\u0142 si\u0119 wahad\u0142owo.<\/p>\n<p><img loading=\"lazy\" decoding=\"async\" src=\"https:\/\/ostrowskatv.pl\/wp-content\/uploads\/2022\/01\/20220111_103607-01.jpeg\" alt=\"\" width=\"1366\" height=\"769\" class=\"alignnone size-full wp-image-17361\" srcset=\"https:\/\/ostrowskatv.pl\/wp-content\/uploads\/2022\/01\/20220111_103607-01.jpeg 1366w, https:\/\/ostrowskatv.pl\/wp-content\/uploads\/2022\/01\/20220111_103607-01-300x169.jpeg 300w, https:\/\/ostrowskatv.pl\/wp-content\/uploads\/2022\/01\/20220111_103607-01-640x360.jpeg 640w\" sizes=\"auto, (max-width: 1366px) 100vw, 1366px\" \/><\/p>\n<p><img loading=\"lazy\" decoding=\"async\" src=\"https:\/\/ostrowskatv.pl\/wp-content\/uploads\/2022\/01\/20220111_103601-01.jpeg\" alt=\"\" width=\"1366\" height=\"769\" class=\"alignnone size-full wp-image-17362\" srcset=\"https:\/\/ostrowskatv.pl\/wp-content\/uploads\/2022\/01\/20220111_103601-01.jpeg 1366w, https:\/\/ostrowskatv.pl\/wp-content\/uploads\/2022\/01\/20220111_103601-01-300x169.jpeg 300w, https:\/\/ostrowskatv.pl\/wp-content\/uploads\/2022\/01\/20220111_103601-01-640x360.jpeg 640w\" sizes=\"auto, (max-width: 1366px) 100vw, 1366px\" \/><\/p>\n<p><img loading=\"lazy\" decoding=\"async\" src=\"https:\/\/ostrowskatv.pl\/wp-content\/uploads\/2022\/01\/20220111_103550-01.jpeg\" alt=\"\" width=\"1365\" height=\"786\" class=\"alignnone size-full wp-image-17363\" srcset=\"https:\/\/ostrowskatv.pl\/wp-content\/uploads\/2022\/01\/20220111_103550-01.jpeg 1365w, https:\/\/ostrowskatv.pl\/wp-content\/uploads\/2022\/01\/20220111_103550-01-300x173.jpeg 300w, https:\/\/ostrowskatv.pl\/wp-content\/uploads\/2022\/01\/20220111_103550-01-625x360.jpeg 625w\" sizes=\"auto, (max-width: 1365px) 100vw, 1365px\" \/><\/p>\n<p><img loading=\"lazy\" decoding=\"async\" src=\"https:\/\/ostrowskatv.pl\/wp-content\/uploads\/2022\/01\/20220111_103538-01.jpeg\" alt=\"\" width=\"1366\" height=\"709\" class=\"alignnone size-full wp-image-17364\" srcset=\"https:\/\/ostrowskatv.pl\/wp-content\/uploads\/2022\/01\/20220111_103538-01.jpeg 1366w, https:\/\/ostrowskatv.pl\/wp-content\/uploads\/2022\/01\/20220111_103538-01-300x156.jpeg 300w, https:\/\/ostrowskatv.pl\/wp-content\/uploads\/2022\/01\/20220111_103538-01-640x332.jpeg 640w\" sizes=\"auto, (max-width: 1366px) 100vw, 1366px\" \/><\/p>\n","protected":false},"excerpt":{"rendered":"Na trasie Ostr\u00f3w Wielkopolski &#8211; Kalisz dosz\u0142o do dw\u00f3ch kolizji z udzia\u0142em dw\u00f3ch bus\u00f3w oraz osob\u00f3wki. Nikt nie zosta\u0142 ranny. Oko\u0142o godziny 10 \n<a class=\"moretag\" href=\"https:\/\/ostrowskatv.pl\/?p=17360\"> [...]<\/a>","protected":false},"author":1,"featured_media":17362,"comment_status":"open","ping_status":"closed","sticky":false,"template":"","format":"standard","meta":{"footnotes":""},"categories":[1],"tags":[11],"class_list":["post-17360","post","type-post","status-publish","format-standard","has-post-thumbnail","hentry","category-news","tag-wypadek"],"_links":{"self":[{"href":"https:\/\/ostrowskatv.pl\/index.php?rest_route=\/wp\/v2\/posts\/17360","targetHints":{"allow":["GET"]}}],"collection":[{"href":"https:\/\/ostrowskatv.pl\/index.php?rest_route=\/wp\/v2\/posts"}],"about":[{"href":"https:\/\/ostrowskatv.pl\/index.php?rest_route=\/wp\/v2\/types\/post"}],"author":[{"embeddable":true,"href":"https:\/\/ostrowskatv.pl\/index.php?rest_route=\/wp\/v2\/users\/1"}],"replies":[{"embeddable":true,"href":"https:\/\/ostrowskatv.pl\/index.php?rest_route=%2Fwp%2Fv2%2Fcomments&post=17360"}],"version-history":[{"count":0,"href":"https:\/\/ostrowskatv.pl\/index.php?rest_route=\/wp\/v2\/posts\/17360\/revisions"}],"wp:featuredmedia":[{"embeddable":true,"href":"https:\/\/ostrowskatv.pl\/index.php?rest_route=\/wp\/v2\/media\/17362"}],"wp:attachment":[{"href":"https:\/\/ostrowskatv.pl\/index.php?rest_route=%2Fwp%2Fv2%2Fmedia&parent=17360"}],"wp:term":[{"taxonomy":"category","embeddable":true,"href":"https:\/\/ostrowskatv.pl\/index.php?rest_route=%2Fwp%2Fv2%2Fcategories&post=17360"},{"taxonomy":"post_tag","embeddable":true,"href":"https:\/\/ostrowskatv.pl\/index.php?rest_route=%2Fwp%2Fv2%2Ftags&post=17360"}],"curies":[{"name":"wp","href":"https:\/\/api.w.org\/{rel}","templated":true}]}}