{"id":1731,"date":"2016-06-24T13:53:20","date_gmt":"2016-06-24T12:53:20","guid":{"rendered":"http:\/\/ostrowska.tv\/?p=1731"},"modified":"2016-06-24T13:53:20","modified_gmt":"2016-06-24T12:53:20","slug":"co-za-weekend-jedna-sobota-a-tyle-atrakcji","status":"publish","type":"post","link":"https:\/\/ostrowskatv.pl\/?p=1731","title":{"rendered":"Co za weekend! Jedna sobota, a tyle atrakcji!"},"content":{"rendered":"<p><strong>Takiego weekendu w naszym regionie nie by\u0142o ju\u017c dawno. W najbli\u017cszych dniach odb\u0119dzie si\u0119 mn\u00f3stwo wydarze\u0144 \u2013 zar\u00f3wno w Ostrowie Wielkopolskim jak i okolicznych miastach. Ka\u017cdy, kto chce sp\u0119dzi\u0107 aktywnie czas, ma z czego wybiera\u0107. Nie warto siedzie\u0107 w domu!<\/strong><\/p>\n<p>Wydarzeniem weekendu, kt\u00f3re przykuje uwag\u0119 wielu os\u00f3b, b\u0119dzie z ca\u0142\u0105 pewno\u015bci\u0105 mecz EURO 2016, w kt\u00f3rym Polska zmierzy si\u0119 ze Szwajcari\u0105. Pi\u0142karzy Adama Nawa\u0142ki ostrowianie b\u0119d\u0105 mogli dopingowa\u0107 wsp\u00f3lnie w strefie kibica na ostrowskich Piaskach. Pocz\u0105tek spotkania zaplanowano na godzin\u0119 15:00.<\/p>\n<p>Warto jednak zapozna\u0107 si\u0119 z ofert\u0105, kt\u00f3r\u0105 przygotowa\u0142y na najbli\u017csze dni w\u0142adze okolicznych miast \u2013 Raszkowa, Nowych Skalmierzyc, Pleszewa czy Kalisza. A b\u0119dzie si\u0119 dzia\u0142o! Wyb\u00f3r jest ogromny, ale z drugiej strony bardzo trudny.<\/p>\n<p>W sobot\u0119 w Raszkowie odb\u0119dzie si\u0119 &#8222;Powitanie Lata&#8221;. Gwiazd\u0105 tego wydarzenia b\u0119dzie zesp\u00f3\u0142 ENEJ. Koncert tej grupy rozpocznie si\u0119 o godzinie 20:30. Wcze\u015bniej mo\u017cna skorzysta\u0107 jednak z wielu innych atrakcji. Jedn\u0105 z nich b\u0119dzie wyst\u0119p najpopularniejszych klaun\u00f3w w Polsce \u2013 Rupherta i Rico. Poza tym, wyst\u0119py grup tanecznych, pe\u0142na gastronomia, place zabaw i&#8230; pokaz sztucznych ogni.<\/p>\n<p>Ciekawie b\u0119dzie tak\u017ce w Nowych Skalmierzycach. I w tym przypadku organizatorzy bardzo si\u0119 postarali. Na uczestnik\u00f3w &#8222;Dni Nowych Skalmierzyc&#8221; czekaj\u0105 koncerty grupy Wilki (godz. 21:30) i Patrycji Markowskiej (godz. 18:30). Nie zabraknie tak\u017ce dobrego humoru, bo jedn\u0105 z gwiazd b\u0119dzie Kabaret Skecz\u00f3w M\u0119cz\u0105cych (pocz\u0105tek o 17:00). Ca\u0142e wydarzenie odbywa\u0107 si\u0119 b\u0119dzie na Stadionie Miejsko \u2013 Gminnym. Potrwa trzy dni, ale g\u0142\u00f3wne atrakcje, o kt\u00f3rych wspomnieli\u015bmy wy\u017cej, zaplanowane s\u0105 na sobot\u0119, 25 czerwca.<\/p>\n<p>W weekend mo\u017cna wybra\u0107 si\u0119 tak\u017ce do Kalisza. Nad zalewem Sza\u0142e w powietrze wypuszczonych zostanie setki lampion\u00f3w. Widok powinien by\u0107 niesamowity i zapiera\u0107 dech w piersiach. Pocz\u0105tek tego wydarzenia zaplanowano na sobot\u0119, na godzin\u0119 22:00.<\/p>\n<p>Nudy nie b\u0119dzie r\u00f3wnie\u017c na Dniach Pleszwa. W tym roku odbywaj\u0105 si\u0119 one od 24 do 26 czerwca na tamtejszym rynku. Gwiazdami b\u0119d\u0105 Margaret (sobota 21:30) i zesp\u00f3\u0142 Skaldowie (niedziela 20:30).<\/p>\n<p>Jak wida\u0107, oferta na najbli\u017csze dni jest bardzo bogata. Gdzie zamierzacie si\u0119 wybra\u0107? <strong>Zach\u0119camy do dyskusji w komentarzach! <\/strong><\/p>\n","protected":false},"excerpt":{"rendered":"Takiego weekendu w naszym regionie nie by\u0142o ju\u017c dawno. W najbli\u017cszych dniach odb\u0119dzie si\u0119 mn\u00f3stwo wydarze\u0144 \u2013 zar\u00f3wno w Ostrowie Wielkopolskim jak i \n<a class=\"moretag\" href=\"https:\/\/ostrowskatv.pl\/?p=1731\"> [...]<\/a>","protected":false},"author":1,"featured_media":1732,"comment_status":"open","ping_status":"open","sticky":false,"template":"","format":"standard","meta":{"footnotes":""},"categories":[1],"tags":[2],"class_list":["post-1731","post","type-post","status-publish","format-standard","has-post-thumbnail","hentry","category-news","tag-ostrow-wielkopolski"],"_links":{"self":[{"href":"https:\/\/ostrowskatv.pl\/index.php?rest_route=\/wp\/v2\/posts\/1731","targetHints":{"allow":["GET"]}}],"collection":[{"href":"https:\/\/ostrowskatv.pl\/index.php?rest_route=\/wp\/v2\/posts"}],"about":[{"href":"https:\/\/ostrowskatv.pl\/index.php?rest_route=\/wp\/v2\/types\/post"}],"author":[{"embeddable":true,"href":"https:\/\/ostrowskatv.pl\/index.php?rest_route=\/wp\/v2\/users\/1"}],"replies":[{"embeddable":true,"href":"https:\/\/ostrowskatv.pl\/index.php?rest_route=%2Fwp%2Fv2%2Fcomments&post=1731"}],"version-history":[{"count":0,"href":"https:\/\/ostrowskatv.pl\/index.php?rest_route=\/wp\/v2\/posts\/1731\/revisions"}],"wp:featuredmedia":[{"embeddable":true,"href":"https:\/\/ostrowskatv.pl\/index.php?rest_route=\/wp\/v2\/media\/1732"}],"wp:attachment":[{"href":"https:\/\/ostrowskatv.pl\/index.php?rest_route=%2Fwp%2Fv2%2Fmedia&parent=1731"}],"wp:term":[{"taxonomy":"category","embeddable":true,"href":"https:\/\/ostrowskatv.pl\/index.php?rest_route=%2Fwp%2Fv2%2Fcategories&post=1731"},{"taxonomy":"post_tag","embeddable":true,"href":"https:\/\/ostrowskatv.pl\/index.php?rest_route=%2Fwp%2Fv2%2Ftags&post=1731"}],"curies":[{"name":"wp","href":"https:\/\/api.w.org\/{rel}","templated":true}]}}