{"id":17301,"date":"2021-12-28T17:48:04","date_gmt":"2021-12-28T16:48:04","guid":{"rendered":"https:\/\/ostrowskatv.pl\/?p=17301"},"modified":"2021-12-28T17:48:04","modified_gmt":"2021-12-28T16:48:04","slug":"psy-zagryzly-owce-i-kury","status":"publish","type":"post","link":"https:\/\/ostrowskatv.pl\/?p=17301","title":{"rendered":"Psy zagryz\u0142y owce i kury"},"content":{"rendered":"<p><strong>W niedziel\u0119 dosz\u0142o do dw\u00f3ch atak\u00f3w ps\u00f3w na bezbronne zwierz\u0119ta. W jednym przypadku zagryzione zosta\u0142y owce, a w drugim kury.<\/strong><\/p>\n<p>W Rad\u0142owie na Osiedlu Robotniczym pies przypominaj\u0105cy owczarka niemieckiego zaatakowa\u0142 stado kur chodz\u0105cych po nieogrodzonej posesji. Pies zagryz\u0142 25 kur i jednego koguta. Agresor uciek\u0142, ale jego w\u0142a\u015bciciel jest poszukiwany. Straty wyceniono na 1200 z\u0142. <\/p>\n<p>W drugim przypadku atak mia\u0142 miejsce w Antoninie. Na terenie o\u015brodka Lido pies przypominaj\u0105cy amstaffa zagryz\u0142 dwie owce. Pozosta\u0142e sztuki uciek\u0142y. Pies zosta\u0142 uj\u0119ty, a w\u0142a\u015bciciel namierzony. Teraz b\u0119dzie musia\u0142 zrekompensowa\u0107 straty w\u0142a\u015bcicielowi owiec. Ponadto musi zap\u0142aci\u0107 mandat. <\/p>\n","protected":false},"excerpt":{"rendered":"W niedziel\u0119 dosz\u0142o do dw\u00f3ch atak\u00f3w ps\u00f3w na bezbronne zwierz\u0119ta. W jednym przypadku zagryzione zosta\u0142y owce, a w drugim kury. W Rad\u0142owie na \n<a class=\"moretag\" href=\"https:\/\/ostrowskatv.pl\/?p=17301\"> [...]<\/a>","protected":false},"author":1,"featured_media":3354,"comment_status":"open","ping_status":"closed","sticky":false,"template":"","format":"standard","meta":{"footnotes":""},"categories":[1],"tags":[135],"class_list":["post-17301","post","type-post","status-publish","format-standard","has-post-thumbnail","hentry","category-news","tag-pies"],"_links":{"self":[{"href":"https:\/\/ostrowskatv.pl\/index.php?rest_route=\/wp\/v2\/posts\/17301","targetHints":{"allow":["GET"]}}],"collection":[{"href":"https:\/\/ostrowskatv.pl\/index.php?rest_route=\/wp\/v2\/posts"}],"about":[{"href":"https:\/\/ostrowskatv.pl\/index.php?rest_route=\/wp\/v2\/types\/post"}],"author":[{"embeddable":true,"href":"https:\/\/ostrowskatv.pl\/index.php?rest_route=\/wp\/v2\/users\/1"}],"replies":[{"embeddable":true,"href":"https:\/\/ostrowskatv.pl\/index.php?rest_route=%2Fwp%2Fv2%2Fcomments&post=17301"}],"version-history":[{"count":0,"href":"https:\/\/ostrowskatv.pl\/index.php?rest_route=\/wp\/v2\/posts\/17301\/revisions"}],"wp:featuredmedia":[{"embeddable":true,"href":"https:\/\/ostrowskatv.pl\/index.php?rest_route=\/wp\/v2\/media\/3354"}],"wp:attachment":[{"href":"https:\/\/ostrowskatv.pl\/index.php?rest_route=%2Fwp%2Fv2%2Fmedia&parent=17301"}],"wp:term":[{"taxonomy":"category","embeddable":true,"href":"https:\/\/ostrowskatv.pl\/index.php?rest_route=%2Fwp%2Fv2%2Fcategories&post=17301"},{"taxonomy":"post_tag","embeddable":true,"href":"https:\/\/ostrowskatv.pl\/index.php?rest_route=%2Fwp%2Fv2%2Ftags&post=17301"}],"curies":[{"name":"wp","href":"https:\/\/api.w.org\/{rel}","templated":true}]}}