{"id":17293,"date":"2021-12-26T20:31:35","date_gmt":"2021-12-26T19:31:35","guid":{"rendered":"https:\/\/ostrowskatv.pl\/?p=17293"},"modified":"2021-12-26T20:31:35","modified_gmt":"2021-12-26T19:31:35","slug":"uratowany-14-letni-chlopiec-prawie-sie-utopil-w-wannie","status":"publish","type":"post","link":"https:\/\/ostrowskatv.pl\/?p=17293","title":{"rendered":"Uratowany 14-letni ch\u0142opiec. Prawie si\u0119 utopi\u0142 w wannie"},"content":{"rendered":"<p><strong>Przed godzin\u0105 19 rozegra\u0142a si\u0119 walka o \u017cycie 14-letniego ch\u0142opca. Ze zg\u0142oszenia do s\u0142u\u017cb wynika\u0142o, \u017ce 14-latek podtopi\u0142 si\u0119 w wannie, a utrata przytomno\u015bci spowodowana by\u0142a najprawdopodobniej przez powsta\u0142y tlenek w\u0119gla. <\/strong><\/p>\n<p>Do kamienicy przy adresie Nowy Rynek w Kaliszu dojechali miejscowi stra\u017cacy oraz&#8230; karetka z Ostrowa, kt\u00f3ra akurat by\u0142a ju\u017c wolna w Kaliszu. Stra\u017cacy przed przyjazdem mieli informacj\u0119, \u017ce prowadzona jest reanimacja ch\u0142opca. <\/p>\n<p>Stra\u017cacy po przyje\u017adzie rozpocz\u0119li udziela\u0107 pierwsz\u0105 pomoc medyczn\u0105. Z chwil\u0105 przyjechania za\u0142ogi z ostrowskiej karetki ch\u0142opiec oddycha\u0142 ju\u017c samodzielnie, ale pozostawa\u0142 nieprzytomny. <\/p>\n<p>Podj\u0119to decyzj\u0119 o przetransportowaniu go do szpitala. Objawy wskazuj\u0105 na zatrucie tlenkiem w\u0119gla, kt\u00f3rego obecno\u015b\u0107 wykryto w \u0142azience. Tym razem pomoc przysz\u0142a w por\u0119.<\/p>\n<p><img loading=\"lazy\" decoding=\"async\" src=\"https:\/\/ostrowskatv.pl\/wp-content\/uploads\/2021\/12\/20211226_190713-01.jpeg\" alt=\"\" width=\"1366\" height=\"769\" class=\"alignnone size-full wp-image-17294\" srcset=\"https:\/\/ostrowskatv.pl\/wp-content\/uploads\/2021\/12\/20211226_190713-01.jpeg 1366w, https:\/\/ostrowskatv.pl\/wp-content\/uploads\/2021\/12\/20211226_190713-01-300x169.jpeg 300w, https:\/\/ostrowskatv.pl\/wp-content\/uploads\/2021\/12\/20211226_190713-01-640x360.jpeg 640w\" sizes=\"auto, (max-width: 1366px) 100vw, 1366px\" \/><\/p>\n<p><img loading=\"lazy\" decoding=\"async\" src=\"https:\/\/ostrowskatv.pl\/wp-content\/uploads\/2021\/12\/20211226_190739-01.jpeg\" alt=\"\" width=\"1366\" height=\"769\" class=\"alignnone size-full wp-image-17295\" srcset=\"https:\/\/ostrowskatv.pl\/wp-content\/uploads\/2021\/12\/20211226_190739-01.jpeg 1366w, https:\/\/ostrowskatv.pl\/wp-content\/uploads\/2021\/12\/20211226_190739-01-300x169.jpeg 300w, https:\/\/ostrowskatv.pl\/wp-content\/uploads\/2021\/12\/20211226_190739-01-640x360.jpeg 640w\" sizes=\"auto, (max-width: 1366px) 100vw, 1366px\" \/><\/p>\n<p><img loading=\"lazy\" decoding=\"async\" src=\"https:\/\/ostrowskatv.pl\/wp-content\/uploads\/2021\/12\/20211226_190752-01.jpeg\" alt=\"\" width=\"1366\" height=\"892\" class=\"alignnone size-full wp-image-17296\" srcset=\"https:\/\/ostrowskatv.pl\/wp-content\/uploads\/2021\/12\/20211226_190752-01.jpeg 1366w, https:\/\/ostrowskatv.pl\/wp-content\/uploads\/2021\/12\/20211226_190752-01-300x196.jpeg 300w, https:\/\/ostrowskatv.pl\/wp-content\/uploads\/2021\/12\/20211226_190752-01-551x360.jpeg 551w\" sizes=\"auto, (max-width: 1366px) 100vw, 1366px\" \/><\/p>\n<p><img loading=\"lazy\" decoding=\"async\" src=\"https:\/\/ostrowskatv.pl\/wp-content\/uploads\/2021\/12\/20211226_190851-01.jpeg\" alt=\"\" width=\"1366\" height=\"769\" class=\"alignnone size-full wp-image-17297\" srcset=\"https:\/\/ostrowskatv.pl\/wp-content\/uploads\/2021\/12\/20211226_190851-01.jpeg 1366w, https:\/\/ostrowskatv.pl\/wp-content\/uploads\/2021\/12\/20211226_190851-01-300x169.jpeg 300w, https:\/\/ostrowskatv.pl\/wp-content\/uploads\/2021\/12\/20211226_190851-01-640x360.jpeg 640w\" sizes=\"auto, (max-width: 1366px) 100vw, 1366px\" \/><\/p>\n<p><img loading=\"lazy\" decoding=\"async\" src=\"https:\/\/ostrowskatv.pl\/wp-content\/uploads\/2021\/12\/20211226_191134-01.jpeg\" alt=\"\" width=\"1366\" height=\"685\" class=\"alignnone size-full wp-image-17298\" srcset=\"https:\/\/ostrowskatv.pl\/wp-content\/uploads\/2021\/12\/20211226_191134-01.jpeg 1366w, https:\/\/ostrowskatv.pl\/wp-content\/uploads\/2021\/12\/20211226_191134-01-300x150.jpeg 300w, https:\/\/ostrowskatv.pl\/wp-content\/uploads\/2021\/12\/20211226_191134-01-640x321.jpeg 640w\" sizes=\"auto, (max-width: 1366px) 100vw, 1366px\" \/><\/p>\n<p><img loading=\"lazy\" decoding=\"async\" src=\"https:\/\/ostrowskatv.pl\/wp-content\/uploads\/2021\/12\/20211226_191143-01.jpeg\" alt=\"\" width=\"1366\" height=\"769\" class=\"alignnone size-full wp-image-17299\" srcset=\"https:\/\/ostrowskatv.pl\/wp-content\/uploads\/2021\/12\/20211226_191143-01.jpeg 1366w, https:\/\/ostrowskatv.pl\/wp-content\/uploads\/2021\/12\/20211226_191143-01-300x169.jpeg 300w, https:\/\/ostrowskatv.pl\/wp-content\/uploads\/2021\/12\/20211226_191143-01-640x360.jpeg 640w\" sizes=\"auto, (max-width: 1366px) 100vw, 1366px\" \/><\/p>\n","protected":false},"excerpt":{"rendered":"Przed godzin\u0105 19 rozegra\u0142a si\u0119 walka o \u017cycie 14-letniego ch\u0142opca. Ze zg\u0142oszenia do s\u0142u\u017cb wynika\u0142o, \u017ce 14-latek podtopi\u0142 si\u0119 w wannie, a utrata \n<a class=\"moretag\" href=\"https:\/\/ostrowskatv.pl\/?p=17293\"> [...]<\/a>","protected":false},"author":1,"featured_media":17298,"comment_status":"open","ping_status":"closed","sticky":false,"template":"","format":"standard","meta":{"footnotes":""},"categories":[1],"tags":[229],"class_list":["post-17293","post","type-post","status-publish","format-standard","has-post-thumbnail","hentry","category-news","tag-czad"],"_links":{"self":[{"href":"https:\/\/ostrowskatv.pl\/index.php?rest_route=\/wp\/v2\/posts\/17293","targetHints":{"allow":["GET"]}}],"collection":[{"href":"https:\/\/ostrowskatv.pl\/index.php?rest_route=\/wp\/v2\/posts"}],"about":[{"href":"https:\/\/ostrowskatv.pl\/index.php?rest_route=\/wp\/v2\/types\/post"}],"author":[{"embeddable":true,"href":"https:\/\/ostrowskatv.pl\/index.php?rest_route=\/wp\/v2\/users\/1"}],"replies":[{"embeddable":true,"href":"https:\/\/ostrowskatv.pl\/index.php?rest_route=%2Fwp%2Fv2%2Fcomments&post=17293"}],"version-history":[{"count":0,"href":"https:\/\/ostrowskatv.pl\/index.php?rest_route=\/wp\/v2\/posts\/17293\/revisions"}],"wp:featuredmedia":[{"embeddable":true,"href":"https:\/\/ostrowskatv.pl\/index.php?rest_route=\/wp\/v2\/media\/17298"}],"wp:attachment":[{"href":"https:\/\/ostrowskatv.pl\/index.php?rest_route=%2Fwp%2Fv2%2Fmedia&parent=17293"}],"wp:term":[{"taxonomy":"category","embeddable":true,"href":"https:\/\/ostrowskatv.pl\/index.php?rest_route=%2Fwp%2Fv2%2Fcategories&post=17293"},{"taxonomy":"post_tag","embeddable":true,"href":"https:\/\/ostrowskatv.pl\/index.php?rest_route=%2Fwp%2Fv2%2Ftags&post=17293"}],"curies":[{"name":"wp","href":"https:\/\/api.w.org\/{rel}","templated":true}]}}