{"id":17276,"date":"2021-12-24T19:30:14","date_gmt":"2021-12-24T18:30:14","guid":{"rendered":"https:\/\/ostrowskatv.pl\/?p=17276"},"modified":"2021-12-24T19:30:14","modified_gmt":"2021-12-24T18:30:14","slug":"zmarla-tuz-przed-wigilia","status":"publish","type":"post","link":"https:\/\/ostrowskatv.pl\/?p=17276","title":{"rendered":"Zmar\u0142a tu\u017c przed Wigili\u0105"},"content":{"rendered":"<p><strong>Kobieta w \u015brednim wieku zaplanowa\u0142a z partnerem Wigili\u0119 na godzin\u0119 17. Godzin\u0119 wcze\u015bniej, kiedy wszystko by\u0142o ju\u017c gotowe, wysz\u0142a z partnerem na spacer po ostrowskim \u015br\u00f3dmie\u015bciu. <\/strong><\/p>\n<p>B\u0119d\u0105c ju\u017c poza mieszkaniem, w bramie jednej z kamienic w centrum Ostrowa postanowi\u0142a jeszcze zapali\u0107 papierosa. Po chwili zas\u0142ab\u0142a i przesta\u0142a oddycha\u0107. M\u0119\u017cczyzna zacz\u0105\u0142 j\u0105 reanimowa\u0107 i wezwa\u0142 pomoc. \u017bycia kobiety nie uda\u0142o si\u0119 jednak przywr\u00f3ci\u0107.<\/p>\n<p>Czynno\u015bci wykonane pod nadzorem prokuratora nie stwierdzi\u0142y, by do \u015bmierci przyczyni\u0142y si\u0119 osoby trzecie. Cia\u0142o przekazano bliskim zmar\u0142ej.<\/p>\n<p>Rodzinie sk\u0142adamy szczere kondolencje.<\/p>\n<p><img loading=\"lazy\" decoding=\"async\" src=\"https:\/\/ostrowskatv.pl\/wp-content\/uploads\/2021\/12\/20211224_1856582-01.jpeg\" alt=\"\" width=\"1366\" height=\"654\" class=\"alignnone size-full wp-image-17277\" srcset=\"https:\/\/ostrowskatv.pl\/wp-content\/uploads\/2021\/12\/20211224_1856582-01.jpeg 1366w, https:\/\/ostrowskatv.pl\/wp-content\/uploads\/2021\/12\/20211224_1856582-01-300x144.jpeg 300w, https:\/\/ostrowskatv.pl\/wp-content\/uploads\/2021\/12\/20211224_1856582-01-640x306.jpeg 640w\" sizes=\"auto, (max-width: 1366px) 100vw, 1366px\" \/><\/p>\n<p><img loading=\"lazy\" decoding=\"async\" src=\"https:\/\/ostrowskatv.pl\/wp-content\/uploads\/2021\/12\/20211224_1856442-01.jpeg\" alt=\"\" width=\"1366\" height=\"844\" class=\"alignnone size-full wp-image-17278\" srcset=\"https:\/\/ostrowskatv.pl\/wp-content\/uploads\/2021\/12\/20211224_1856442-01.jpeg 1366w, https:\/\/ostrowskatv.pl\/wp-content\/uploads\/2021\/12\/20211224_1856442-01-300x185.jpeg 300w, https:\/\/ostrowskatv.pl\/wp-content\/uploads\/2021\/12\/20211224_1856442-01-583x360.jpeg 583w\" sizes=\"auto, (max-width: 1366px) 100vw, 1366px\" \/><\/p>\n<p><img loading=\"lazy\" decoding=\"async\" src=\"https:\/\/ostrowskatv.pl\/wp-content\/uploads\/2021\/12\/20211224_1856242-01.jpeg\" alt=\"\" width=\"1365\" height=\"844\" class=\"alignnone size-full wp-image-17279\" srcset=\"https:\/\/ostrowskatv.pl\/wp-content\/uploads\/2021\/12\/20211224_1856242-01.jpeg 1365w, https:\/\/ostrowskatv.pl\/wp-content\/uploads\/2021\/12\/20211224_1856242-01-300x185.jpeg 300w, https:\/\/ostrowskatv.pl\/wp-content\/uploads\/2021\/12\/20211224_1856242-01-582x360.jpeg 582w\" sizes=\"auto, (max-width: 1365px) 100vw, 1365px\" \/><\/p>\n","protected":false},"excerpt":{"rendered":"Kobieta w \u015brednim wieku zaplanowa\u0142a z partnerem Wigili\u0119 na godzin\u0119 17. Godzin\u0119 wcze\u015bniej, kiedy wszystko by\u0142o ju\u017c gotowe, wysz\u0142a z partnerem na spacer \n<a class=\"moretag\" href=\"https:\/\/ostrowskatv.pl\/?p=17276\"> [...]<\/a>","protected":false},"author":1,"featured_media":17277,"comment_status":"open","ping_status":"closed","sticky":false,"template":"","format":"standard","meta":{"footnotes":""},"categories":[1],"tags":[2],"class_list":["post-17276","post","type-post","status-publish","format-standard","has-post-thumbnail","hentry","category-news","tag-ostrow-wielkopolski"],"_links":{"self":[{"href":"https:\/\/ostrowskatv.pl\/index.php?rest_route=\/wp\/v2\/posts\/17276","targetHints":{"allow":["GET"]}}],"collection":[{"href":"https:\/\/ostrowskatv.pl\/index.php?rest_route=\/wp\/v2\/posts"}],"about":[{"href":"https:\/\/ostrowskatv.pl\/index.php?rest_route=\/wp\/v2\/types\/post"}],"author":[{"embeddable":true,"href":"https:\/\/ostrowskatv.pl\/index.php?rest_route=\/wp\/v2\/users\/1"}],"replies":[{"embeddable":true,"href":"https:\/\/ostrowskatv.pl\/index.php?rest_route=%2Fwp%2Fv2%2Fcomments&post=17276"}],"version-history":[{"count":0,"href":"https:\/\/ostrowskatv.pl\/index.php?rest_route=\/wp\/v2\/posts\/17276\/revisions"}],"wp:featuredmedia":[{"embeddable":true,"href":"https:\/\/ostrowskatv.pl\/index.php?rest_route=\/wp\/v2\/media\/17277"}],"wp:attachment":[{"href":"https:\/\/ostrowskatv.pl\/index.php?rest_route=%2Fwp%2Fv2%2Fmedia&parent=17276"}],"wp:term":[{"taxonomy":"category","embeddable":true,"href":"https:\/\/ostrowskatv.pl\/index.php?rest_route=%2Fwp%2Fv2%2Fcategories&post=17276"},{"taxonomy":"post_tag","embeddable":true,"href":"https:\/\/ostrowskatv.pl\/index.php?rest_route=%2Fwp%2Fv2%2Ftags&post=17276"}],"curies":[{"name":"wp","href":"https:\/\/api.w.org\/{rel}","templated":true}]}}