{"id":1723,"date":"2016-06-23T17:30:49","date_gmt":"2016-06-23T16:30:49","guid":{"rendered":"http:\/\/ostrowska.tv\/?p=1723"},"modified":"2016-06-23T17:30:49","modified_gmt":"2016-06-23T16:30:49","slug":"wypadek-kordeckiegochlopickiego","status":"publish","type":"post","link":"https:\/\/ostrowskatv.pl\/?p=1723","title":{"rendered":"Wypadek Kordeckiego\/Ch\u0142opickiego"},"content":{"rendered":"<p><strong>W czwartek po godzinie 15:00 dosz\u0142o do wypadku dw\u00f3ch samochod\u00f3w. Ulic\u0105 Ch\u0142opickiego jecha\u0142 VW Multivan, kt\u00f3rego kierowca nie zatrzyma\u0142 si\u0119 na STOP-ie. W wyniku swojego rozkojarzenia uderzy\u0142 w VW Passata, kt\u00f3rym podr\u00f3\u017cowa\u0142a kobieta. W wypadku ucierpia\u0142y trzy osoby.<\/strong><\/p>\n<p>Najwi\u0119ksze obra\u017cenia dozna\u0142 sprawca wypadku, kt\u00f3ry swoj\u0105 g\u0142ow\u0105 zrobi\u0142 dziur\u0119 w przedniej szybie na wysoko\u015bci siedzenia pasa\u017cera. Poskutkowa\u0142o to podejrzeniem wstrz\u0105su m\u00f3zgu. Ponadto dozna\u0142 do\u015b\u0107 powa\u017cnego urazu prawego nadgarstka. Jad\u0105cy z nim m\u0119\u017cczyzna dozna\u0142 tylko zdarcia \u0142okcia. Kobieta z VW Passata uskar\u017ca\u0142a si\u0119 na b\u00f3l jednej z n\u00f3g.<\/p>\n<p>Na pochwa\u0142\u0119 zas\u0142uguje postawa funkcjonariuszy z patrolu prewencji przyby\u0142ych jako pierwszych do zabezpieczenia miejsca zdarzenia. Policjanci wykazywali inicjatyw\u0119 w udzielaniu pierwszej pomocy przed przybyciem karetki, jad\u0105cej do tego zdarzenia a\u017c z Przygodzic.<\/p>\n<div id='gallery-1' class='gallery galleryid-1723 gallery-columns-3 gallery-size-thumbnail'><figure class='gallery-item'>\n\t\t\t<div class='gallery-icon landscape'>\n\t\t\t\t<a href='https:\/\/ostrowskatv.pl\/?attachment_id=1724'><img loading=\"lazy\" decoding=\"async\" width=\"150\" height=\"150\" src=\"https:\/\/ostrowskatv.pl\/wp-content\/uploads\/2016\/06\/kordeckiego-wypadek1-150x150.jpg\" class=\"attachment-thumbnail size-thumbnail\" alt=\"\" \/><\/a>\n\t\t\t<\/div><\/figure><figure class='gallery-item'>\n\t\t\t<div class='gallery-icon portrait'>\n\t\t\t\t<a href='https:\/\/ostrowskatv.pl\/?attachment_id=1725'><img loading=\"lazy\" decoding=\"async\" width=\"150\" height=\"150\" src=\"https:\/\/ostrowskatv.pl\/wp-content\/uploads\/2016\/06\/kordeckiego-wypadek2-150x150.jpg\" class=\"attachment-thumbnail size-thumbnail\" alt=\"\" \/><\/a>\n\t\t\t<\/div><\/figure><figure class='gallery-item'>\n\t\t\t<div class='gallery-icon landscape'>\n\t\t\t\t<a href='https:\/\/ostrowskatv.pl\/?attachment_id=1726'><img loading=\"lazy\" decoding=\"async\" width=\"150\" height=\"150\" src=\"https:\/\/ostrowskatv.pl\/wp-content\/uploads\/2016\/06\/kordeckiego-wypadek3-150x150.jpg\" class=\"attachment-thumbnail size-thumbnail\" alt=\"\" \/><\/a>\n\t\t\t<\/div><\/figure><figure class='gallery-item'>\n\t\t\t<div class='gallery-icon landscape'>\n\t\t\t\t<a href='https:\/\/ostrowskatv.pl\/?attachment_id=1727'><img loading=\"lazy\" decoding=\"async\" width=\"150\" height=\"150\" src=\"https:\/\/ostrowskatv.pl\/wp-content\/uploads\/2016\/06\/kordeckiego-wypadek4-150x150.jpg\" class=\"attachment-thumbnail size-thumbnail\" alt=\"\" \/><\/a>\n\t\t\t<\/div><\/figure><figure class='gallery-item'>\n\t\t\t<div class='gallery-icon landscape'>\n\t\t\t\t<a href='https:\/\/ostrowskatv.pl\/?attachment_id=1728'><img loading=\"lazy\" decoding=\"async\" width=\"150\" height=\"150\" src=\"https:\/\/ostrowskatv.pl\/wp-content\/uploads\/2016\/06\/kordeckiego-wypadek5-150x150.jpg\" class=\"attachment-thumbnail size-thumbnail\" alt=\"\" \/><\/a>\n\t\t\t<\/div><\/figure><figure class='gallery-item'>\n\t\t\t<div class='gallery-icon landscape'>\n\t\t\t\t<a href='https:\/\/ostrowskatv.pl\/?attachment_id=1729'><img loading=\"lazy\" decoding=\"async\" width=\"150\" height=\"150\" src=\"https:\/\/ostrowskatv.pl\/wp-content\/uploads\/2016\/06\/kordeckiego-wypadek6-150x150.jpg\" class=\"attachment-thumbnail size-thumbnail\" alt=\"\" \/><\/a>\n\t\t\t<\/div><\/figure>\n\t\t<\/div>\n\n","protected":false},"excerpt":{"rendered":"W czwartek po godzinie 15:00 dosz\u0142o do wypadku dw\u00f3ch samochod\u00f3w. Ulic\u0105 Ch\u0142opickiego jecha\u0142 VW Multivan, kt\u00f3rego kierowca nie zatrzyma\u0142 si\u0119 na STOP-ie. W \n<a class=\"moretag\" href=\"https:\/\/ostrowskatv.pl\/?p=1723\"> [...]<\/a>","protected":false},"author":1,"featured_media":1728,"comment_status":"open","ping_status":"open","sticky":false,"template":"","format":"standard","meta":{"footnotes":""},"categories":[1],"tags":[2],"class_list":["post-1723","post","type-post","status-publish","format-standard","has-post-thumbnail","hentry","category-news","tag-ostrow-wielkopolski"],"_links":{"self":[{"href":"https:\/\/ostrowskatv.pl\/index.php?rest_route=\/wp\/v2\/posts\/1723","targetHints":{"allow":["GET"]}}],"collection":[{"href":"https:\/\/ostrowskatv.pl\/index.php?rest_route=\/wp\/v2\/posts"}],"about":[{"href":"https:\/\/ostrowskatv.pl\/index.php?rest_route=\/wp\/v2\/types\/post"}],"author":[{"embeddable":true,"href":"https:\/\/ostrowskatv.pl\/index.php?rest_route=\/wp\/v2\/users\/1"}],"replies":[{"embeddable":true,"href":"https:\/\/ostrowskatv.pl\/index.php?rest_route=%2Fwp%2Fv2%2Fcomments&post=1723"}],"version-history":[{"count":0,"href":"https:\/\/ostrowskatv.pl\/index.php?rest_route=\/wp\/v2\/posts\/1723\/revisions"}],"wp:featuredmedia":[{"embeddable":true,"href":"https:\/\/ostrowskatv.pl\/index.php?rest_route=\/wp\/v2\/media\/1728"}],"wp:attachment":[{"href":"https:\/\/ostrowskatv.pl\/index.php?rest_route=%2Fwp%2Fv2%2Fmedia&parent=1723"}],"wp:term":[{"taxonomy":"category","embeddable":true,"href":"https:\/\/ostrowskatv.pl\/index.php?rest_route=%2Fwp%2Fv2%2Fcategories&post=1723"},{"taxonomy":"post_tag","embeddable":true,"href":"https:\/\/ostrowskatv.pl\/index.php?rest_route=%2Fwp%2Fv2%2Ftags&post=1723"}],"curies":[{"name":"wp","href":"https:\/\/api.w.org\/{rel}","templated":true}]}}