{"id":17209,"date":"2021-12-21T13:26:25","date_gmt":"2021-12-21T12:26:25","guid":{"rendered":"https:\/\/ostrowskatv.pl\/?p=17209"},"modified":"2021-12-21T13:43:47","modified_gmt":"2021-12-21T12:43:47","slug":"potracila-przy-rondzie-bankowym-i-uciekla-wideo","status":"publish","type":"post","link":"https:\/\/ostrowskatv.pl\/?p=17209","title":{"rendered":"Potr\u0105ci\u0142a przy Rondzie Bankowym i uciek\u0142a &#8211; wideo"},"content":{"rendered":"<p><strong>Kieruj\u0105ca srebrnym Peugeotem 307 kombi z szyberdachem by\u0142a uczestnikiem zdarzenia drogowego, do kt\u00f3rego dosz\u0142o w poniedzia\u0142ek o godzinie 17.14 na ulicy G\u0142ogowskiej. Z nagrania dowiadujemy si\u0119, \u017ce rowerzystka prowadzi\u0142a rower do przej\u015bcia dla pieszych i czeka\u0142a a\u017c kilka aut przejedzie. <\/strong><\/p>\n<p>Kiedy wesz\u0142a ju\u017c na pasy nagle z ulicy Chopina wjecha\u0142 Peugeot 307, kt\u00f3rego kieruj\u0105ca jad\u0105c \u015brodkiem pomi\u0119dzy dwoma pasami wjecha\u0142a w rowerzystk\u0119. Poszkodowana musia\u0142a zosta\u0107 odwieziona do szpitala, gdzie stwierdzono u niej z\u0142amanie nadgarstka. <\/p>\n<p>Ostrowska policja prosi wszystkich, kt\u00f3rzy by\u0107 mo\u017ce o tej porze jechali z wideorejestratorem i nagrali numer rejestracyjny uciekinierki. Wed\u0142ug \u015bwiadka, auto sprawczyni skr\u0119ci\u0142o w ulic\u0119 Zamenhofa. Peugeot 307 mia\u0142 zaparowan\u0105 przedni\u0105 szyb\u0119. <\/p>\n<p><iframe loading=\"lazy\" title=\"Potr\u0105ci\u0142a przy Rondzie Bankowym i uciek\u0142a. Kto j\u0105 rozpoznaje?\" width=\"747\" height=\"420\" src=\"https:\/\/www.youtube.com\/embed\/USOyQqxblDc?feature=oembed\" frameborder=\"0\" allow=\"accelerometer; autoplay; clipboard-write; encrypted-media; gyroscope; picture-in-picture; web-share\" referrerpolicy=\"strict-origin-when-cross-origin\" allowfullscreen><\/iframe><\/p>\n<p><img loading=\"lazy\" decoding=\"async\" src=\"https:\/\/ostrowskatv.pl\/wp-content\/uploads\/2021\/12\/20211220_174617-01.jpeg\" alt=\"\" width=\"1366\" height=\"929\" class=\"alignnone size-full wp-image-17213\" srcset=\"https:\/\/ostrowskatv.pl\/wp-content\/uploads\/2021\/12\/20211220_174617-01.jpeg 1366w, https:\/\/ostrowskatv.pl\/wp-content\/uploads\/2021\/12\/20211220_174617-01-300x204.jpeg 300w, https:\/\/ostrowskatv.pl\/wp-content\/uploads\/2021\/12\/20211220_174617-01-529x360.jpeg 529w\" sizes=\"auto, (max-width: 1366px) 100vw, 1366px\" \/><\/p>\n<p><img loading=\"lazy\" decoding=\"async\" src=\"https:\/\/ostrowskatv.pl\/wp-content\/uploads\/2021\/12\/20211220_175626-01.jpeg\" alt=\"\" width=\"1366\" height=\"1025\" class=\"alignnone size-full wp-image-17212\" srcset=\"https:\/\/ostrowskatv.pl\/wp-content\/uploads\/2021\/12\/20211220_175626-01.jpeg 1366w, https:\/\/ostrowskatv.pl\/wp-content\/uploads\/2021\/12\/20211220_175626-01-300x225.jpeg 300w, https:\/\/ostrowskatv.pl\/wp-content\/uploads\/2021\/12\/20211220_175626-01-480x360.jpeg 480w\" sizes=\"auto, (max-width: 1366px) 100vw, 1366px\" \/><\/p>\n<p><img loading=\"lazy\" decoding=\"async\" src=\"https:\/\/ostrowskatv.pl\/wp-content\/uploads\/2021\/12\/20211220_175635-01.jpeg\" alt=\"\" width=\"1366\" height=\"1025\" class=\"alignnone size-full wp-image-17211\" srcset=\"https:\/\/ostrowskatv.pl\/wp-content\/uploads\/2021\/12\/20211220_175635-01.jpeg 1366w, https:\/\/ostrowskatv.pl\/wp-content\/uploads\/2021\/12\/20211220_175635-01-300x225.jpeg 300w, https:\/\/ostrowskatv.pl\/wp-content\/uploads\/2021\/12\/20211220_175635-01-480x360.jpeg 480w\" sizes=\"auto, (max-width: 1366px) 100vw, 1366px\" \/><\/p>\n<p><img loading=\"lazy\" decoding=\"async\" src=\"https:\/\/ostrowskatv.pl\/wp-content\/uploads\/2021\/12\/IMG-20211220-WA0010-01.jpeg\" alt=\"\" width=\"606\" height=\"431\" class=\"alignnone size-full wp-image-17218\" srcset=\"https:\/\/ostrowskatv.pl\/wp-content\/uploads\/2021\/12\/IMG-20211220-WA0010-01.jpeg 606w, https:\/\/ostrowskatv.pl\/wp-content\/uploads\/2021\/12\/IMG-20211220-WA0010-01-300x213.jpeg 300w, https:\/\/ostrowskatv.pl\/wp-content\/uploads\/2021\/12\/IMG-20211220-WA0010-01-506x360.jpeg 506w, https:\/\/ostrowskatv.pl\/wp-content\/uploads\/2021\/12\/IMG-20211220-WA0010-01-120x85.jpeg 120w\" sizes=\"auto, (max-width: 606px) 100vw, 606px\" \/><\/p>\n","protected":false},"excerpt":{"rendered":"Kieruj\u0105ca srebrnym Peugeotem 307 kombi z szyberdachem by\u0142a uczestnikiem zdarzenia drogowego, do kt\u00f3rego dosz\u0142o w poniedzia\u0142ek o godzinie 17.14 na ulicy G\u0142ogowskiej. Z \n<a class=\"moretag\" href=\"https:\/\/ostrowskatv.pl\/?p=17209\"> [...]<\/a>","protected":false},"author":1,"featured_media":17213,"comment_status":"open","ping_status":"closed","sticky":false,"template":"","format":"standard","meta":{"footnotes":""},"categories":[1],"tags":[2],"class_list":["post-17209","post","type-post","status-publish","format-standard","has-post-thumbnail","hentry","category-news","tag-ostrow-wielkopolski"],"_links":{"self":[{"href":"https:\/\/ostrowskatv.pl\/index.php?rest_route=\/wp\/v2\/posts\/17209","targetHints":{"allow":["GET"]}}],"collection":[{"href":"https:\/\/ostrowskatv.pl\/index.php?rest_route=\/wp\/v2\/posts"}],"about":[{"href":"https:\/\/ostrowskatv.pl\/index.php?rest_route=\/wp\/v2\/types\/post"}],"author":[{"embeddable":true,"href":"https:\/\/ostrowskatv.pl\/index.php?rest_route=\/wp\/v2\/users\/1"}],"replies":[{"embeddable":true,"href":"https:\/\/ostrowskatv.pl\/index.php?rest_route=%2Fwp%2Fv2%2Fcomments&post=17209"}],"version-history":[{"count":0,"href":"https:\/\/ostrowskatv.pl\/index.php?rest_route=\/wp\/v2\/posts\/17209\/revisions"}],"wp:featuredmedia":[{"embeddable":true,"href":"https:\/\/ostrowskatv.pl\/index.php?rest_route=\/wp\/v2\/media\/17213"}],"wp:attachment":[{"href":"https:\/\/ostrowskatv.pl\/index.php?rest_route=%2Fwp%2Fv2%2Fmedia&parent=17209"}],"wp:term":[{"taxonomy":"category","embeddable":true,"href":"https:\/\/ostrowskatv.pl\/index.php?rest_route=%2Fwp%2Fv2%2Fcategories&post=17209"},{"taxonomy":"post_tag","embeddable":true,"href":"https:\/\/ostrowskatv.pl\/index.php?rest_route=%2Fwp%2Fv2%2Ftags&post=17209"}],"curies":[{"name":"wp","href":"https:\/\/api.w.org\/{rel}","templated":true}]}}