{"id":1720,"date":"2016-06-23T10:34:57","date_gmt":"2016-06-23T09:34:57","guid":{"rendered":"http:\/\/ostrowska.tv\/?p=1720"},"modified":"2016-06-23T10:34:57","modified_gmt":"2016-06-23T09:34:57","slug":"spor-w-miescie-droga-czy-defibrylatory","status":"publish","type":"post","link":"https:\/\/ostrowskatv.pl\/?p=1720","title":{"rendered":"Sp\u00f3r w mie\u015bcie. Droga czy defibrylatory?"},"content":{"rendered":"<p><strong>Klub Radnych Platformy Obywatelskiej chce, \u017ceby miasto wyda\u0142o 30 tysi\u0119cy z\u0142otych na zakup ratuj\u0105cych \u017cycie defibrylator\u00f3w. Inwestycja mia\u0142aby zosta\u0107 zrealizowana z pieni\u0119dzy, kt\u00f3re miasto chce wyda\u0107 na nowe zadanie drogowe.<\/strong><\/p>\n<blockquote><p>&#8211; Uwa\u017camy, \u017ce wprowadzanie w trakcie roku nowego zadania w postaci rozpocz\u0119cia budowy drogi przy ulicy Ko\u015bciuszki, na gruncie, kt\u00f3ry obecnie zajmuj\u0105 gara\u017ce, jest b\u0142\u0119dem. Naszym zdaniem zasadny jest zakup defibrylator\u00f3w, szczeg\u00f3lnie \u017ce mamy teraz okres wakacyjny \u2013 wyja\u015bnia radna Milena Kowalska.<\/p><\/blockquote>\n<p>Wniosek radnych Platformy Obywatelskiej by\u0142 ju\u017c g\u0142osowany podczas ostatniej Komisji Dzia\u0142alno\u015bci Gospodarczej, \u0141adu Przestrzennego i Gospodarki Gruntami. Zosta\u0142 zaopiniowany pozytywnie, chocia\u017c przeciw g\u0142osowali radni Prezydent Beaty Klimek.<\/p>\n<blockquote><p>&#8211; To projekt drogi, kt\u00f3rej nikt do 2018 roku nie ma nawet zamiaru budowa\u0107, a kt\u00f3ry to wydatek stworzono tylko po to, \u017ceby uzasadni\u0107 pochopn\u0105 decyzj\u0119 o likwidacji gara\u017cy przy ulicy Ko\u015bciuszki. Wniosek przeszed\u0142, cho\u0107 radni Prezydent Klimek byli przeciw defibrylatorom. \u017bycz\u0119, \u017ceby \u017cadnemu z nich nigdy to urz\u0105dzenie nie by\u0142o potrzebne \u2013 stwierdzi\u0142 radny Jakub Paduch.<\/p><\/blockquote>\n<p>Defibrylatory zostan\u0105 zakupione, je\u015bli wi\u0119kszo\u015b\u0107 radnych zag\u0142osuje za nimi podczas najbli\u017cszej Sesji Rady Miejskiej. Ta odb\u0119dzie si\u0119 w najbli\u017cszy poniedzia\u0142ek o godzinie 9:00.<\/p>\n","protected":false},"excerpt":{"rendered":"Klub Radnych Platformy Obywatelskiej chce, \u017ceby miasto wyda\u0142o 30 tysi\u0119cy z\u0142otych na zakup ratuj\u0105cych \u017cycie defibrylator\u00f3w. Inwestycja mia\u0142aby zosta\u0107 zrealizowana z pieni\u0119dzy, kt\u00f3re \n<a class=\"moretag\" href=\"https:\/\/ostrowskatv.pl\/?p=1720\"> [...]<\/a>","protected":false},"author":1,"featured_media":1721,"comment_status":"open","ping_status":"open","sticky":false,"template":"","format":"standard","meta":{"footnotes":""},"categories":[1],"tags":[2],"class_list":["post-1720","post","type-post","status-publish","format-standard","has-post-thumbnail","hentry","category-news","tag-ostrow-wielkopolski"],"_links":{"self":[{"href":"https:\/\/ostrowskatv.pl\/index.php?rest_route=\/wp\/v2\/posts\/1720","targetHints":{"allow":["GET"]}}],"collection":[{"href":"https:\/\/ostrowskatv.pl\/index.php?rest_route=\/wp\/v2\/posts"}],"about":[{"href":"https:\/\/ostrowskatv.pl\/index.php?rest_route=\/wp\/v2\/types\/post"}],"author":[{"embeddable":true,"href":"https:\/\/ostrowskatv.pl\/index.php?rest_route=\/wp\/v2\/users\/1"}],"replies":[{"embeddable":true,"href":"https:\/\/ostrowskatv.pl\/index.php?rest_route=%2Fwp%2Fv2%2Fcomments&post=1720"}],"version-history":[{"count":0,"href":"https:\/\/ostrowskatv.pl\/index.php?rest_route=\/wp\/v2\/posts\/1720\/revisions"}],"wp:featuredmedia":[{"embeddable":true,"href":"https:\/\/ostrowskatv.pl\/index.php?rest_route=\/wp\/v2\/media\/1721"}],"wp:attachment":[{"href":"https:\/\/ostrowskatv.pl\/index.php?rest_route=%2Fwp%2Fv2%2Fmedia&parent=1720"}],"wp:term":[{"taxonomy":"category","embeddable":true,"href":"https:\/\/ostrowskatv.pl\/index.php?rest_route=%2Fwp%2Fv2%2Fcategories&post=1720"},{"taxonomy":"post_tag","embeddable":true,"href":"https:\/\/ostrowskatv.pl\/index.php?rest_route=%2Fwp%2Fv2%2Ftags&post=1720"}],"curies":[{"name":"wp","href":"https:\/\/api.w.org\/{rel}","templated":true}]}}