{"id":17195,"date":"2021-12-20T12:18:17","date_gmt":"2021-12-20T11:18:17","guid":{"rendered":"https:\/\/ostrowskatv.pl\/?p=17195"},"modified":"2021-12-20T12:18:17","modified_gmt":"2021-12-20T11:18:17","slug":"mogl-kogos-zabic-po-prostu-rozladowywal-emocje","status":"publish","type":"post","link":"https:\/\/ostrowskatv.pl\/?p=17195","title":{"rendered":"M\u00f3g\u0142 kogo\u015b zabi\u0107. Po prostu roz\u0142adowywa\u0142 emocje"},"content":{"rendered":"<p><strong>34-letni ostrowianin w okresie ostatnich kilku miesi\u0119cy dokona\u0142 kilku agresywnych atak\u00f3w na ludzi i mienie. Biegli uznali, \u017ce m\u00f3g\u0142 w ten spos\u00f3b doprowadzi\u0107 do \u015bmierci lub spowodowa\u0107 ci\u0119\u017cki uszczerbek na zdrowiu. <\/strong><\/p>\n<p>Wszystko rozpocz\u0119\u0142o si\u0119 18 wrze\u015bnia br. kiedy to 34-latek umy\u015blnie uszkodzi\u0142 mienie poprzez kopni\u0119cie w drzwi do jednego z market\u00f3w. Warto\u015b\u0107 szkody wyceniono w\u00f3wczas na 1600 z\u0142.<br \/>\n13 grudnia przy jednym z market\u00f3w poprzez zadawanie uderze\u0144 i ci\u0119\u0107 no\u017cem kuchennym spowodowa\u0142 u pokrzywdzonego obra\u017cenia cia\u0142a na okres poni\u017cej 7 dni, ale nara\u017ca\u0142y na bezpo\u015brednie niebezpiecze\u0144stwo utraty \u017cycia lub ci\u0119\u017ckiego uszczerbku na zdrowiu. <\/p>\n<p>Ponownie tego samego dnia w jednym z hoteli r\u00f3wnie\u017c zacz\u0105\u0142 bi\u0107 pi\u0119\u015bciami i ci\u0105\u0107 no\u017cem innego pokrzywdzonego wywo\u0142uj\u0105c obra\u017cenia kwalifikowane poni\u017cej 7 dni i r\u00f3wnie\u017c w tym przypadku biegli stwierdzili, \u017ce nara\u017ca\u0142y na bezpo\u015brednie niebezpiecze\u0144stwo utraty \u017cycia lub ci\u0119\u017ckiego uszczerbku na zdrowiu.<\/p>\n<p>Jeszcze 13 grudnia zd\u0105\u017cy\u0142 m\u0119\u017cczy\u017anie grozi\u0107 utrat\u0105 \u017cycia. Maj\u0105c na wzgl\u0119dzie surow\u0105 kar\u0119, kt\u00f3ra grozi m\u0119\u017cczy\u017anie, prokurator postanowi\u0142 sporz\u0105dzi\u0107 wniosek o 3-miesi\u0119czny areszt, a s\u0105d podzieli\u0142 wniosek i dosz\u0142o do jego aresztowania.<\/p>\n<p>M\u0119\u017cczyzna przyzna\u0142 si\u0119 jedynie do zniszczenia mienia. W pozosta\u0142ych punktach odm\u00f3wi\u0142 sk\u0142adania wyja\u015bnie\u0144. Przyzna\u0142 jednak, \u017ce zrobi\u0142 to, \u017ceby roz\u0142adowa\u0107 emocje.<\/p>\n","protected":false},"excerpt":{"rendered":"34-letni ostrowianin w okresie ostatnich kilku miesi\u0119cy dokona\u0142 kilku agresywnych atak\u00f3w na ludzi i mienie. Biegli uznali, \u017ce m\u00f3g\u0142 w ten spos\u00f3b doprowadzi\u0107 \n<a class=\"moretag\" href=\"https:\/\/ostrowskatv.pl\/?p=17195\"> [...]<\/a>","protected":false},"author":1,"featured_media":5659,"comment_status":"open","ping_status":"closed","sticky":false,"template":"","format":"standard","meta":{"footnotes":""},"categories":[1],"tags":[2],"class_list":["post-17195","post","type-post","status-publish","format-standard","has-post-thumbnail","hentry","category-news","tag-ostrow-wielkopolski"],"_links":{"self":[{"href":"https:\/\/ostrowskatv.pl\/index.php?rest_route=\/wp\/v2\/posts\/17195","targetHints":{"allow":["GET"]}}],"collection":[{"href":"https:\/\/ostrowskatv.pl\/index.php?rest_route=\/wp\/v2\/posts"}],"about":[{"href":"https:\/\/ostrowskatv.pl\/index.php?rest_route=\/wp\/v2\/types\/post"}],"author":[{"embeddable":true,"href":"https:\/\/ostrowskatv.pl\/index.php?rest_route=\/wp\/v2\/users\/1"}],"replies":[{"embeddable":true,"href":"https:\/\/ostrowskatv.pl\/index.php?rest_route=%2Fwp%2Fv2%2Fcomments&post=17195"}],"version-history":[{"count":0,"href":"https:\/\/ostrowskatv.pl\/index.php?rest_route=\/wp\/v2\/posts\/17195\/revisions"}],"wp:featuredmedia":[{"embeddable":true,"href":"https:\/\/ostrowskatv.pl\/index.php?rest_route=\/wp\/v2\/media\/5659"}],"wp:attachment":[{"href":"https:\/\/ostrowskatv.pl\/index.php?rest_route=%2Fwp%2Fv2%2Fmedia&parent=17195"}],"wp:term":[{"taxonomy":"category","embeddable":true,"href":"https:\/\/ostrowskatv.pl\/index.php?rest_route=%2Fwp%2Fv2%2Fcategories&post=17195"},{"taxonomy":"post_tag","embeddable":true,"href":"https:\/\/ostrowskatv.pl\/index.php?rest_route=%2Fwp%2Fv2%2Ftags&post=17195"}],"curies":[{"name":"wp","href":"https:\/\/api.w.org\/{rel}","templated":true}]}}