{"id":17177,"date":"2021-12-19T16:11:41","date_gmt":"2021-12-19T15:11:41","guid":{"rendered":"https:\/\/ostrowskatv.pl\/?p=17177"},"modified":"2021-12-19T18:26:02","modified_gmt":"2021-12-19T17:26:02","slug":"ostrowianie-protestowali-przeciwko-lextvn","status":"publish","type":"post","link":"https:\/\/ostrowskatv.pl\/?p=17177","title":{"rendered":"Ostrowianie protestowali przeciwko #lexTVN (aktualizacja)"},"content":{"rendered":"<p><strong>Ponad 200 os\u00f3b przysz\u0142o w niedzielne popo\u0142udnie na ostrowski Rynek. W formie spontanicznego zgromadzenia postanowili wyrazi\u0107 sprzeciw wobec ustawy nazywanej potocznie #lexTVN. <\/strong><\/p>\n<p>Podczas manifestacji mo\u017cna by\u0142o wys\u0142ucha\u0107 wyst\u0105pie\u0144 przedstawicieli medi\u00f3w oraz w\u0142adz zar\u00f3wno tych samorz\u0105dowych jak i przedstawicieli z Sejmu i Senatu.<\/p>\n<p>Przypomnijmy, \u017ce sejm przyj\u0105\u0142 w pi\u0105tek ustaw\u0119 znan\u0105 jako lex TVN, odrzucaj\u0105c senackie weto. G\u0142osowa\u0142o 452 pos\u0142\u00f3w: za by\u0142o 229 pos\u0142\u00f3w, przeciw 212, a 11 si\u0119 wstrzyma\u0142o. Teraz lex TVN trafi do prezydenta Andrzeja Dudy.<\/p>\n<p>Protestuj\u0105cy maj\u0105 nadziej\u0119, \u017ce prezydent Duda zawetuje ten projekt ustawy, jednocze\u015bnie wytykaj\u0105c mu, \u017ce &#8222;zosta\u0142 ubezw\u0142asnowolniony&#8221; i jest marionetk\u0105.<\/p>\n<p>Dzi\u015b w wielu miastach Polski odbywaj\u0105 si\u0119 demonstracje w tym temacie.<\/p>\n<blockquote><p>Pami\u0119tam te czasy kiedy telewizja polska mia\u0142a monopol na wiadomo\u015bci, kiedy prasa mia\u0142a monopol na wiadomo\u015bci i do niczego dobrego to nie doprowadzi\u0142o. Jako trzeci z postulat\u00f3w Solidarno\u015bci w 81 roku by\u0142 postulat o wolnych mediach. Bez wolnych medi\u00f3w nie ma wolno\u015bci cz\u0142owieka i wolno\u015bci wyboru. Dlatego te wolne media s\u0105 podstaw\u0105 demokracji i podstaw\u0105 post\u0119pu gospodarczo-spo\u0142ecznego. &#8211; pan Edward 71 lat. <\/p><\/blockquote>\n<blockquote><p>Przysz\u0142am zamanifestowa\u0107 swoje poparcie dla wolnych medi\u00f3w i zaprotestowa\u0107 przeciwko ograniczaniu wolno\u015bci s\u0142owa. Poniewa\u017c uwa\u017cam, \u017ce w pa\u0144stwie demokratycznym kt\u00f3re tak naprawd\u0119 jest teraz zagro\u017cone wolno\u015b\u0107 medi\u00f3w i media to jeden z podstawowych filar\u00f3w i fundament\u00f3w demokracji. &#8211; Daria 38 lat. <\/p><\/blockquote>\n<blockquote><p>Chcemy zamanifestowa\u0107, \u017ceby w Polsce by\u0142y wolne media, a nie tylko rz\u0105dowe. My\u015bl\u0119, \u017ce dosy\u0107 naogl\u0105dali\u015bmy si\u0119 telewizji rz\u0105dowej przed 1989 rokiem. Nie chc\u0119 ogl\u0105da\u0107 tylko tych smutnych ludzi z jedynki zestresowanych, \u017ce musz\u0105 m\u00f3wi\u0107 niekoniecznie to co chc\u0105, a to co im ka\u017c\u0105 m\u00f3wi\u0107. Chc\u0119 ogl\u0105da\u0107 u\u015bmiechni\u0119tych ludzi, kt\u00f3rzy m\u00f3wi\u0105 to co my\u015bl\u0105 i m\u00f3wi\u0105 prawd\u0119 to co odczuwaj\u0105. To jest pow\u00f3d. &#8211; pan Mieczys\u0142aw 66 lat. <\/p><\/blockquote>\n<blockquote><p>Dlatego, \u017ce uwa\u017camy \u017ce ostatnia decyzja kt\u00f3ra zapad\u0142a w parlamencie godzi w wolne media. Nie chodzi tu tylko o stacj\u0119 TVN, ale wszystkie niezale\u017cne, kt\u00f3re chc\u0105 nam przekazywa\u0107 prawd\u0119. A maj\u0105 takie prawo. &#8211; Magda, 43 lata. <\/p><\/blockquote>\n<blockquote><p>Chcemy mie\u0107 wyb\u00f3r co chcemy ogl\u0105da\u0107, co chcemy s\u0142ucha\u0107. Dlatego bez zb\u0119dnych przygotowa\u0144 przyszli\u015bmy tutaj. Chcemy wesprze\u0107 wszystkich mieszka\u0144c\u00f3w Ostrowa. &#8211; Rafa\u0142, ok. 50 lat. <\/p><\/blockquote>\n<blockquote><p>Staramy si\u0119 chodzi\u0107 z synem wtedy kiedy dziej\u0105 si\u0119 rzeczy w Polsce, na kt\u00f3re nie ma przyzwolenia. Nie zgadzamy si\u0119 z \u0142amaniem konstytucji, \u0142amaniem praw, wolno\u015bci s\u0105d\u00f3w. Mo\u017cna wymienia\u0107 10-20 minut. &#8211; Grzegorz (ok. 50 lat) <\/p><\/blockquote>\n<p><img loading=\"lazy\" decoding=\"async\" src=\"https:\/\/ostrowskatv.pl\/wp-content\/uploads\/2021\/12\/20211219_150457-01.jpeg\" alt=\"\" width=\"1366\" height=\"1025\" class=\"alignnone size-full wp-image-17178\" srcset=\"https:\/\/ostrowskatv.pl\/wp-content\/uploads\/2021\/12\/20211219_150457-01.jpeg 1366w, https:\/\/ostrowskatv.pl\/wp-content\/uploads\/2021\/12\/20211219_150457-01-300x225.jpeg 300w, https:\/\/ostrowskatv.pl\/wp-content\/uploads\/2021\/12\/20211219_150457-01-480x360.jpeg 480w\" sizes=\"auto, (max-width: 1366px) 100vw, 1366px\" \/><\/p>\n<p><img loading=\"lazy\" decoding=\"async\" src=\"https:\/\/ostrowskatv.pl\/wp-content\/uploads\/2021\/12\/20211219_150502-01.jpeg\" alt=\"\" width=\"1366\" height=\"1025\" class=\"alignnone size-full wp-image-17179\" srcset=\"https:\/\/ostrowskatv.pl\/wp-content\/uploads\/2021\/12\/20211219_150502-01.jpeg 1366w, https:\/\/ostrowskatv.pl\/wp-content\/uploads\/2021\/12\/20211219_150502-01-300x225.jpeg 300w, https:\/\/ostrowskatv.pl\/wp-content\/uploads\/2021\/12\/20211219_150502-01-480x360.jpeg 480w\" sizes=\"auto, (max-width: 1366px) 100vw, 1366px\" \/><\/p>\n<p><img loading=\"lazy\" decoding=\"async\" src=\"https:\/\/ostrowskatv.pl\/wp-content\/uploads\/2021\/12\/20211219_150506-01.jpeg\" alt=\"\" width=\"1366\" height=\"1025\" class=\"alignnone size-full wp-image-17180\" srcset=\"https:\/\/ostrowskatv.pl\/wp-content\/uploads\/2021\/12\/20211219_150506-01.jpeg 1366w, https:\/\/ostrowskatv.pl\/wp-content\/uploads\/2021\/12\/20211219_150506-01-300x225.jpeg 300w, https:\/\/ostrowskatv.pl\/wp-content\/uploads\/2021\/12\/20211219_150506-01-480x360.jpeg 480w\" sizes=\"auto, (max-width: 1366px) 100vw, 1366px\" \/><\/p>\n<p><img loading=\"lazy\" decoding=\"async\" src=\"https:\/\/ostrowskatv.pl\/wp-content\/uploads\/2021\/12\/20211219_150508-01.jpeg\" alt=\"\" width=\"1366\" height=\"1025\" class=\"alignnone size-full wp-image-17181\" srcset=\"https:\/\/ostrowskatv.pl\/wp-content\/uploads\/2021\/12\/20211219_150508-01.jpeg 1366w, https:\/\/ostrowskatv.pl\/wp-content\/uploads\/2021\/12\/20211219_150508-01-300x225.jpeg 300w, https:\/\/ostrowskatv.pl\/wp-content\/uploads\/2021\/12\/20211219_150508-01-480x360.jpeg 480w\" sizes=\"auto, (max-width: 1366px) 100vw, 1366px\" \/><\/p>\n<p><img loading=\"lazy\" decoding=\"async\" src=\"https:\/\/ostrowskatv.pl\/wp-content\/uploads\/2021\/12\/20211219_150511-01.jpeg\" alt=\"\" width=\"1366\" height=\"1025\" class=\"alignnone size-full wp-image-17182\" srcset=\"https:\/\/ostrowskatv.pl\/wp-content\/uploads\/2021\/12\/20211219_150511-01.jpeg 1366w, https:\/\/ostrowskatv.pl\/wp-content\/uploads\/2021\/12\/20211219_150511-01-300x225.jpeg 300w, https:\/\/ostrowskatv.pl\/wp-content\/uploads\/2021\/12\/20211219_150511-01-480x360.jpeg 480w\" sizes=\"auto, (max-width: 1366px) 100vw, 1366px\" \/><\/p>\n<p><img loading=\"lazy\" decoding=\"async\" src=\"https:\/\/ostrowskatv.pl\/wp-content\/uploads\/2021\/12\/20211219_150514-01.jpeg\" alt=\"\" width=\"1366\" height=\"1025\" class=\"alignnone size-full wp-image-17183\" srcset=\"https:\/\/ostrowskatv.pl\/wp-content\/uploads\/2021\/12\/20211219_150514-01.jpeg 1366w, https:\/\/ostrowskatv.pl\/wp-content\/uploads\/2021\/12\/20211219_150514-01-300x225.jpeg 300w, https:\/\/ostrowskatv.pl\/wp-content\/uploads\/2021\/12\/20211219_150514-01-480x360.jpeg 480w\" sizes=\"auto, (max-width: 1366px) 100vw, 1366px\" \/><\/p>\n<p><img loading=\"lazy\" decoding=\"async\" src=\"https:\/\/ostrowskatv.pl\/wp-content\/uploads\/2021\/12\/20211219_150519-01.jpeg\" alt=\"\" width=\"1366\" height=\"1025\" class=\"alignnone size-full wp-image-17184\" srcset=\"https:\/\/ostrowskatv.pl\/wp-content\/uploads\/2021\/12\/20211219_150519-01.jpeg 1366w, https:\/\/ostrowskatv.pl\/wp-content\/uploads\/2021\/12\/20211219_150519-01-300x225.jpeg 300w, https:\/\/ostrowskatv.pl\/wp-content\/uploads\/2021\/12\/20211219_150519-01-480x360.jpeg 480w\" sizes=\"auto, (max-width: 1366px) 100vw, 1366px\" \/><\/p>\n<p><img loading=\"lazy\" decoding=\"async\" src=\"https:\/\/ostrowskatv.pl\/wp-content\/uploads\/2021\/12\/20211219_150523-01.jpeg\" alt=\"\" width=\"1366\" height=\"1025\" class=\"alignnone size-full wp-image-17185\" srcset=\"https:\/\/ostrowskatv.pl\/wp-content\/uploads\/2021\/12\/20211219_150523-01.jpeg 1366w, https:\/\/ostrowskatv.pl\/wp-content\/uploads\/2021\/12\/20211219_150523-01-300x225.jpeg 300w, https:\/\/ostrowskatv.pl\/wp-content\/uploads\/2021\/12\/20211219_150523-01-480x360.jpeg 480w\" sizes=\"auto, (max-width: 1366px) 100vw, 1366px\" \/><\/p>\n<p><img loading=\"lazy\" decoding=\"async\" src=\"https:\/\/ostrowskatv.pl\/wp-content\/uploads\/2021\/12\/20211219_150526-01.jpeg\" alt=\"\" width=\"1366\" height=\"1025\" class=\"alignnone size-full wp-image-17186\" srcset=\"https:\/\/ostrowskatv.pl\/wp-content\/uploads\/2021\/12\/20211219_150526-01.jpeg 1366w, https:\/\/ostrowskatv.pl\/wp-content\/uploads\/2021\/12\/20211219_150526-01-300x225.jpeg 300w, https:\/\/ostrowskatv.pl\/wp-content\/uploads\/2021\/12\/20211219_150526-01-480x360.jpeg 480w\" sizes=\"auto, (max-width: 1366px) 100vw, 1366px\" \/><\/p>\n<p><img loading=\"lazy\" decoding=\"async\" src=\"https:\/\/ostrowskatv.pl\/wp-content\/uploads\/2021\/12\/20211219_150529-01.jpeg\" alt=\"\" width=\"1366\" height=\"1025\" class=\"alignnone size-full wp-image-17187\" srcset=\"https:\/\/ostrowskatv.pl\/wp-content\/uploads\/2021\/12\/20211219_150529-01.jpeg 1366w, https:\/\/ostrowskatv.pl\/wp-content\/uploads\/2021\/12\/20211219_150529-01-300x225.jpeg 300w, https:\/\/ostrowskatv.pl\/wp-content\/uploads\/2021\/12\/20211219_150529-01-480x360.jpeg 480w\" sizes=\"auto, (max-width: 1366px) 100vw, 1366px\" \/><\/p>\n<p><img loading=\"lazy\" decoding=\"async\" src=\"https:\/\/ostrowskatv.pl\/wp-content\/uploads\/2021\/12\/IMG-20211219-WA0004-01.jpeg\" alt=\"\" width=\"768\" height=\"583\" class=\"alignnone size-full wp-image-17188\" srcset=\"https:\/\/ostrowskatv.pl\/wp-content\/uploads\/2021\/12\/IMG-20211219-WA0004-01.jpeg 768w, https:\/\/ostrowskatv.pl\/wp-content\/uploads\/2021\/12\/IMG-20211219-WA0004-01-300x228.jpeg 300w, https:\/\/ostrowskatv.pl\/wp-content\/uploads\/2021\/12\/IMG-20211219-WA0004-01-474x360.jpeg 474w\" sizes=\"auto, (max-width: 768px) 100vw, 768px\" \/><\/p>\n<p><img loading=\"lazy\" decoding=\"async\" src=\"https:\/\/ostrowskatv.pl\/wp-content\/uploads\/2021\/12\/20211219_153326-01.jpeg\" alt=\"\" width=\"1366\" height=\"1025\" class=\"alignnone size-full wp-image-17189\" srcset=\"https:\/\/ostrowskatv.pl\/wp-content\/uploads\/2021\/12\/20211219_153326-01.jpeg 1366w, https:\/\/ostrowskatv.pl\/wp-content\/uploads\/2021\/12\/20211219_153326-01-300x225.jpeg 300w, https:\/\/ostrowskatv.pl\/wp-content\/uploads\/2021\/12\/20211219_153326-01-480x360.jpeg 480w\" sizes=\"auto, (max-width: 1366px) 100vw, 1366px\" \/><\/p>\n","protected":false},"excerpt":{"rendered":"Ponad 200 os\u00f3b przysz\u0142o w niedzielne popo\u0142udnie na ostrowski Rynek. W formie spontanicznego zgromadzenia postanowili wyrazi\u0107 sprzeciw wobec ustawy nazywanej potocznie #lexTVN. Podczas \n<a class=\"moretag\" href=\"https:\/\/ostrowskatv.pl\/?p=17177\"> [...]<\/a>","protected":false},"author":1,"featured_media":17188,"comment_status":"open","ping_status":"closed","sticky":false,"template":"","format":"standard","meta":{"footnotes":""},"categories":[1],"tags":[2],"class_list":["post-17177","post","type-post","status-publish","format-standard","has-post-thumbnail","hentry","category-news","tag-ostrow-wielkopolski"],"_links":{"self":[{"href":"https:\/\/ostrowskatv.pl\/index.php?rest_route=\/wp\/v2\/posts\/17177","targetHints":{"allow":["GET"]}}],"collection":[{"href":"https:\/\/ostrowskatv.pl\/index.php?rest_route=\/wp\/v2\/posts"}],"about":[{"href":"https:\/\/ostrowskatv.pl\/index.php?rest_route=\/wp\/v2\/types\/post"}],"author":[{"embeddable":true,"href":"https:\/\/ostrowskatv.pl\/index.php?rest_route=\/wp\/v2\/users\/1"}],"replies":[{"embeddable":true,"href":"https:\/\/ostrowskatv.pl\/index.php?rest_route=%2Fwp%2Fv2%2Fcomments&post=17177"}],"version-history":[{"count":0,"href":"https:\/\/ostrowskatv.pl\/index.php?rest_route=\/wp\/v2\/posts\/17177\/revisions"}],"wp:featuredmedia":[{"embeddable":true,"href":"https:\/\/ostrowskatv.pl\/index.php?rest_route=\/wp\/v2\/media\/17188"}],"wp:attachment":[{"href":"https:\/\/ostrowskatv.pl\/index.php?rest_route=%2Fwp%2Fv2%2Fmedia&parent=17177"}],"wp:term":[{"taxonomy":"category","embeddable":true,"href":"https:\/\/ostrowskatv.pl\/index.php?rest_route=%2Fwp%2Fv2%2Fcategories&post=17177"},{"taxonomy":"post_tag","embeddable":true,"href":"https:\/\/ostrowskatv.pl\/index.php?rest_route=%2Fwp%2Fv2%2Ftags&post=17177"}],"curies":[{"name":"wp","href":"https:\/\/api.w.org\/{rel}","templated":true}]}}