{"id":1715,"date":"2016-06-22T19:07:53","date_gmt":"2016-06-22T18:07:53","guid":{"rendered":"http:\/\/ostrowska.tv\/?p=1715"},"modified":"2016-06-22T19:39:35","modified_gmt":"2016-06-22T18:39:35","slug":"beata-klimek-moze-nie-dostac-absolutorium-bedzie-referendum","status":"publish","type":"post","link":"https:\/\/ostrowskatv.pl\/?p=1715","title":{"rendered":"Beata Klimek mo\u017ce nie dosta\u0107 absolutorium. B\u0119dzie referendum?"},"content":{"rendered":"<p><strong>Rada Miejska Ostrowa Wielkopolskiego mo\u017ce nie udzieli\u0107 absolutorium prezydent Ostrowa Wielkopolskiego podczas poniedzia\u0142kowej Sesji Rady Miejskiej.<\/strong><\/p>\n<p>Podczas Komisji Dzia\u0142alno\u015bci Gospodarczej, \u0141adu Przestrzennego i Gospodarki Gruntami radni negatywnie zaopiniowali sprawozdanie finansowe miasta za rok 2015 i sprawozdanie prezydenta z wykonania bud\u017cetu. Za zatwierdzeniem g\u0142osowa\u0142o sze\u015bciu radnych, tylu samo by\u0142o przeciw, a dw\u00f3jka wstrzyma\u0142a si\u0119 od g\u0142osu.<\/p>\n<p>&#8211; Dostrzegamy pewne nieprawid\u0142owo\u015bci, je\u015bli chodzi o dzia\u0142alno\u015b\u0107 pani prezydent w ubieg\u0142ym roku. G\u0142\u00f3wne zarzuty dotycz\u0105 \u015bci\u0105gania wierzytelno\u015bci od d\u0142u\u017cnik\u00f3w i zarz\u0105dzania Stadionem Miejskim \u2013 wyja\u015bnia Milena Kowalska z klubu radnych Platformy Obywatelskiej.<\/p>\n<p>To mo\u017ce by\u0107 z\u0142a wiadomo\u015b\u0107 dla prezydent Beaty Klimek przed poniedzia\u0142kow\u0105 Sesj\u0105 Rady Miejskiej. Wtedy radni b\u0119d\u0105 g\u0142osowa\u0107 nad udzieleniem jej absolutorium. Je\u015bli w Platformie Obywatelskiej b\u0119dzie mie\u0107 miejsce dyscyplina partyjna, to konsekwencje mog\u0105 by\u0107 powa\u017cniejsze.<\/p>\n<p>&#8211; Sprawozdanie tworzy pewien obraz dzia\u0142alno\u015bci pani prezydent i rzeczywi\u015bcie mo\u017ce mie\u0107 prze\u0142o\u017cenie na udzielenie lub nieudzielenie absolutorium. Je\u015bli Rada Miejska go nie udzieli, to wtedy rozpoczyna si\u0119 ca\u0142a procedura referendalna. Nie oznacza to jednak, \u017ce zostanie przeprowadzone referendum. Najpierw b\u0119dzie musia\u0142o odby\u0107 si\u0119 g\u0142osowanie czy ma ono doj\u015b\u0107 do skutku. Takie ryzyko jednak zawsze istnieje \u2013 t\u0142umaczy Milena Kowalska.<\/p>\n<p>Wszystko wyja\u015bni si\u0119 zatem w najbli\u017cszych dniach. Poniedzia\u0142kowe g\u0142osowanie poka\u017ce r\u00f3wnie\u017c, czy klub radnych Platformy Obywatelskiej stanowi jedno\u015b\u0107 przy podejmowaniu kluczowych decyzji.<\/p>\n","protected":false},"excerpt":{"rendered":"Rada Miejska Ostrowa Wielkopolskiego mo\u017ce nie udzieli\u0107 absolutorium prezydent Ostrowa Wielkopolskiego podczas poniedzia\u0142kowej Sesji Rady Miejskiej. Podczas Komisji Dzia\u0142alno\u015bci Gospodarczej, \u0141adu Przestrzennego i \n<a class=\"moretag\" href=\"https:\/\/ostrowskatv.pl\/?p=1715\"> [...]<\/a>","protected":false},"author":1,"featured_media":255,"comment_status":"open","ping_status":"open","sticky":false,"template":"","format":"standard","meta":{"footnotes":""},"categories":[1],"tags":[2],"class_list":["post-1715","post","type-post","status-publish","format-standard","has-post-thumbnail","hentry","category-news","tag-ostrow-wielkopolski"],"_links":{"self":[{"href":"https:\/\/ostrowskatv.pl\/index.php?rest_route=\/wp\/v2\/posts\/1715","targetHints":{"allow":["GET"]}}],"collection":[{"href":"https:\/\/ostrowskatv.pl\/index.php?rest_route=\/wp\/v2\/posts"}],"about":[{"href":"https:\/\/ostrowskatv.pl\/index.php?rest_route=\/wp\/v2\/types\/post"}],"author":[{"embeddable":true,"href":"https:\/\/ostrowskatv.pl\/index.php?rest_route=\/wp\/v2\/users\/1"}],"replies":[{"embeddable":true,"href":"https:\/\/ostrowskatv.pl\/index.php?rest_route=%2Fwp%2Fv2%2Fcomments&post=1715"}],"version-history":[{"count":0,"href":"https:\/\/ostrowskatv.pl\/index.php?rest_route=\/wp\/v2\/posts\/1715\/revisions"}],"wp:featuredmedia":[{"embeddable":true,"href":"https:\/\/ostrowskatv.pl\/index.php?rest_route=\/wp\/v2\/media\/255"}],"wp:attachment":[{"href":"https:\/\/ostrowskatv.pl\/index.php?rest_route=%2Fwp%2Fv2%2Fmedia&parent=1715"}],"wp:term":[{"taxonomy":"category","embeddable":true,"href":"https:\/\/ostrowskatv.pl\/index.php?rest_route=%2Fwp%2Fv2%2Fcategories&post=1715"},{"taxonomy":"post_tag","embeddable":true,"href":"https:\/\/ostrowskatv.pl\/index.php?rest_route=%2Fwp%2Fv2%2Ftags&post=1715"}],"curies":[{"name":"wp","href":"https:\/\/api.w.org\/{rel}","templated":true}]}}