{"id":17108,"date":"2021-12-14T19:19:40","date_gmt":"2021-12-14T18:19:40","guid":{"rendered":"https:\/\/ostrowskatv.pl\/?p=17108"},"modified":"2021-12-14T19:19:40","modified_gmt":"2021-12-14T18:19:40","slug":"to-oni-brali-udzial-w-smiertelnym-pobiciu-zdjecia","status":"publish","type":"post","link":"https:\/\/ostrowskatv.pl\/?p=17108","title":{"rendered":"To oni brali udzia\u0142 w \u015bmiertelnym pobiciu (zdj\u0119cia)"},"content":{"rendered":"<p><strong>Dzi\u015b odby\u0142y si\u0119 posiedzenia aresztowe trzech m\u0119\u017cczyzn, kt\u00f3rzy przyznali si\u0119 do udzia\u0142u w pobiciu ze skutkiem \u015bmiertelnym na terenie Oci\u0105\u017ca i Fabianowa. Niespe\u0142na 36-letni m\u0119\u017cczyzna umar\u0142, a wcze\u015bniej by\u0142 bity pa\u0142k\u0105, kopany, a nawet ci\u0105gni\u0119ty za samochodem. Dopiero sekcja zw\u0142ok pozwoli odpowiedzie\u0107 co przyczyni\u0142o si\u0119 bezpo\u015brednio do \u015bmierci. Zadanie by\u0142o utrudnione z uwagi na zmasakrowane cia\u0142o. <\/strong><\/p>\n<p>Na tym etapie sprawy m\u0119\u017cczyznom grozi od 3 do 15 lat wi\u0119zienia. Dzi\u015b m\u0119\u017cczy\u017ani decyzj\u0105 s\u0105du zostali aresztowani na co najmniej 3 miesi\u0105ce. Poniewa\u017c jeden z nich mia\u0142 pozytywny wynik testu na obecno\u015b\u0107 koronawirusa, dlatego s\u0119dzia, prokurator oraz policjanci byli w specjalnych kombinezonach. Sam za\u015b podejrzany mia\u0142 tylko maseczk\u0119 i wchodzi\u0142 do s\u0105du bocznym wej\u015bciem.<\/p>\n<p>Ofiar\u0105 zemsty by\u0142 Leszek M. <\/p>\n<p><img loading=\"lazy\" decoding=\"async\" src=\"https:\/\/ostrowskatv.pl\/wp-content\/uploads\/2021\/12\/zmarly-m.jpg\" alt=\"\" width=\"1080\" height=\"1084\" class=\"alignnone size-full wp-image-17109\" srcset=\"https:\/\/ostrowskatv.pl\/wp-content\/uploads\/2021\/12\/zmarly-m.jpg 1080w, https:\/\/ostrowskatv.pl\/wp-content\/uploads\/2021\/12\/zmarly-m-300x300.jpg 300w, https:\/\/ostrowskatv.pl\/wp-content\/uploads\/2021\/12\/zmarly-m-359x360.jpg 359w, https:\/\/ostrowskatv.pl\/wp-content\/uploads\/2021\/12\/zmarly-m-150x150.jpg 150w\" sizes=\"auto, (max-width: 1080px) 100vw, 1080px\" \/><\/p>\n<p>Sprawcami bestialskiego pobicia byli <\/p>\n<p>\u0141ukasz D.<br \/>\n<img loading=\"lazy\" decoding=\"async\" src=\"https:\/\/ostrowskatv.pl\/wp-content\/uploads\/2021\/12\/lukasz-d3.jpg\" alt=\"\" width=\"1080\" height=\"702\" class=\"alignnone size-full wp-image-17110\" srcset=\"https:\/\/ostrowskatv.pl\/wp-content\/uploads\/2021\/12\/lukasz-d3.jpg 1080w, https:\/\/ostrowskatv.pl\/wp-content\/uploads\/2021\/12\/lukasz-d3-300x195.jpg 300w, https:\/\/ostrowskatv.pl\/wp-content\/uploads\/2021\/12\/lukasz-d3-554x360.jpg 554w\" sizes=\"auto, (max-width: 1080px) 100vw, 1080px\" \/><\/p>\n<p>Marcin Sz.<br \/>\n<img loading=\"lazy\" decoding=\"async\" src=\"https:\/\/ostrowskatv.pl\/wp-content\/uploads\/2021\/12\/Marcin-sz-2.jpg\" alt=\"\" width=\"1280\" height=\"960\" class=\"alignnone size-full wp-image-17111\" srcset=\"https:\/\/ostrowskatv.pl\/wp-content\/uploads\/2021\/12\/Marcin-sz-2.jpg 1280w, https:\/\/ostrowskatv.pl\/wp-content\/uploads\/2021\/12\/Marcin-sz-2-300x225.jpg 300w, https:\/\/ostrowskatv.pl\/wp-content\/uploads\/2021\/12\/Marcin-sz-2-480x360.jpg 480w\" sizes=\"auto, (max-width: 1280px) 100vw, 1280px\" \/><\/p>\n<p>Rafa\u0142 K.<br \/>\n<img loading=\"lazy\" decoding=\"async\" src=\"https:\/\/ostrowskatv.pl\/wp-content\/uploads\/2021\/12\/Rafal-K.jpg\" alt=\"\" width=\"1280\" height=\"721\" class=\"alignnone size-full wp-image-17112\" srcset=\"https:\/\/ostrowskatv.pl\/wp-content\/uploads\/2021\/12\/Rafal-K.jpg 1280w, https:\/\/ostrowskatv.pl\/wp-content\/uploads\/2021\/12\/Rafal-K-300x169.jpg 300w, https:\/\/ostrowskatv.pl\/wp-content\/uploads\/2021\/12\/Rafal-K-640x360.jpg 640w, https:\/\/ostrowskatv.pl\/wp-content\/uploads\/2021\/12\/Rafal-K-388x220.jpg 388w\" sizes=\"auto, (max-width: 1280px) 100vw, 1280px\" \/><\/p>\n","protected":false},"excerpt":{"rendered":"Dzi\u015b odby\u0142y si\u0119 posiedzenia aresztowe trzech m\u0119\u017cczyzn, kt\u00f3rzy przyznali si\u0119 do udzia\u0142u w pobiciu ze skutkiem \u015bmiertelnym na terenie Oci\u0105\u017ca i Fabianowa. Niespe\u0142na \n<a class=\"moretag\" href=\"https:\/\/ostrowskatv.pl\/?p=17108\"> [...]<\/a>","protected":false},"author":1,"featured_media":17110,"comment_status":"open","ping_status":"closed","sticky":false,"template":"","format":"standard","meta":{"footnotes":""},"categories":[1],"tags":[52],"class_list":["post-17108","post","type-post","status-publish","format-standard","has-post-thumbnail","hentry","category-news","tag-sad"],"_links":{"self":[{"href":"https:\/\/ostrowskatv.pl\/index.php?rest_route=\/wp\/v2\/posts\/17108","targetHints":{"allow":["GET"]}}],"collection":[{"href":"https:\/\/ostrowskatv.pl\/index.php?rest_route=\/wp\/v2\/posts"}],"about":[{"href":"https:\/\/ostrowskatv.pl\/index.php?rest_route=\/wp\/v2\/types\/post"}],"author":[{"embeddable":true,"href":"https:\/\/ostrowskatv.pl\/index.php?rest_route=\/wp\/v2\/users\/1"}],"replies":[{"embeddable":true,"href":"https:\/\/ostrowskatv.pl\/index.php?rest_route=%2Fwp%2Fv2%2Fcomments&post=17108"}],"version-history":[{"count":0,"href":"https:\/\/ostrowskatv.pl\/index.php?rest_route=\/wp\/v2\/posts\/17108\/revisions"}],"wp:featuredmedia":[{"embeddable":true,"href":"https:\/\/ostrowskatv.pl\/index.php?rest_route=\/wp\/v2\/media\/17110"}],"wp:attachment":[{"href":"https:\/\/ostrowskatv.pl\/index.php?rest_route=%2Fwp%2Fv2%2Fmedia&parent=17108"}],"wp:term":[{"taxonomy":"category","embeddable":true,"href":"https:\/\/ostrowskatv.pl\/index.php?rest_route=%2Fwp%2Fv2%2Fcategories&post=17108"},{"taxonomy":"post_tag","embeddable":true,"href":"https:\/\/ostrowskatv.pl\/index.php?rest_route=%2Fwp%2Fv2%2Ftags&post=17108"}],"curies":[{"name":"wp","href":"https:\/\/api.w.org\/{rel}","templated":true}]}}