{"id":17106,"date":"2021-12-13T20:49:19","date_gmt":"2021-12-13T19:49:19","guid":{"rendered":"https:\/\/ostrowskatv.pl\/?p=17106"},"modified":"2021-12-13T20:49:19","modified_gmt":"2021-12-13T19:49:19","slug":"sprawcy-byli-brutalni-i-dzialali-ze-szczegolnym-okrucienstwem","status":"publish","type":"post","link":"https:\/\/ostrowskatv.pl\/?p=17106","title":{"rendered":"Sprawcy byli brutalni i dzia\u0142ali ze szczeg\u00f3lnym okrucie\u0144stwem"},"content":{"rendered":"<p><strong>W niedziel\u0119 ujawniono zw\u0142oki niespe\u0142na 36-letniego mieszka\u0144ca Oci\u0105\u017ca. Ten pad\u0142 ofiar\u0105 trzech agresor\u00f3w, kt\u00f3rzy najprawdopodobniej postanowili zem\u015bci\u0107 si\u0119 za zaatakowanie co najmniej jednego z nich w odleg\u0142ym okresie czasu. \u015aledczy postawili sprawcom zarzuty i ujawnili szczeg\u00f3\u0142y. <\/strong><\/p>\n<p>Prokuratura z Prokuratury Rejonowej w Ostrowie Wielkopolskim postawi\u0142 zarzuty trzem m\u0119\u017cczyznom, kt\u00f3rzy w niedziel\u0119 oko\u0142o godziny 6 rano zaatakowali pokrzywdzonego. 32, 34 i 35-letni m\u0119\u017cczy\u017ani stosowali przemoc w postaci uderzania drewnian\u0105 pa\u0142k\u0105, pi\u0119\u015bciami, nogami po g\u0142owie pokrzywdzonego. Nast\u0119pnie pozbawili go wolno\u015bci dzia\u0142aj\u0105c ze szczeg\u00f3lnym udr\u0119czeniem w ten spos\u00f3b, \u017ce wbrew jego woli zabrali go z miejsca zamieszkania. Wywie\u017ali go na drog\u0119 poln\u0105. Tam kontynuowali przemoc r\u0119kami i nogami, a nast\u0119pnie po przywi\u0105zaniu n\u00f3g pasami holowniczymi ci\u0105gn\u0119li za samochodem. Na ko\u0144cu pozostawili go w miejscu zamieszkania. W wyniku odniesionych obra\u017ce\u0144 cia\u0142a zmar\u0142. <\/p>\n<p>Prokurator zakwalifikowa\u0142 te przest\u0119pstwa jako zagro\u017cone kar\u0105 od 3 do 15 lat. We wtorek zostanie przeprowadzona sekcja zw\u0142ok ofiary. Dzi\u0119ki niej \u015bledczy uzyskaj\u0105 informacj\u0119 co przyczyni\u0142o si\u0119 do zgonu. Kwalifikacja czynu mo\u017ce ulec zmianie. M\u0119\u017cczy\u017ani przyznali si\u0119 do winy i z\u0142o\u017cyli obszerne wyja\u015bnienia.<\/p>\n","protected":false},"excerpt":{"rendered":"W niedziel\u0119 ujawniono zw\u0142oki niespe\u0142na 36-letniego mieszka\u0144ca Oci\u0105\u017ca. Ten pad\u0142 ofiar\u0105 trzech agresor\u00f3w, kt\u00f3rzy najprawdopodobniej postanowili zem\u015bci\u0107 si\u0119 za zaatakowanie co najmniej jednego \n<a class=\"moretag\" href=\"https:\/\/ostrowskatv.pl\/?p=17106\"> [...]<\/a>","protected":false},"author":1,"featured_media":5659,"comment_status":"open","ping_status":"closed","sticky":false,"template":"","format":"standard","meta":{"footnotes":""},"categories":[1],"tags":[59],"class_list":["post-17106","post","type-post","status-publish","format-standard","has-post-thumbnail","hentry","category-news","tag-ociaz"],"_links":{"self":[{"href":"https:\/\/ostrowskatv.pl\/index.php?rest_route=\/wp\/v2\/posts\/17106","targetHints":{"allow":["GET"]}}],"collection":[{"href":"https:\/\/ostrowskatv.pl\/index.php?rest_route=\/wp\/v2\/posts"}],"about":[{"href":"https:\/\/ostrowskatv.pl\/index.php?rest_route=\/wp\/v2\/types\/post"}],"author":[{"embeddable":true,"href":"https:\/\/ostrowskatv.pl\/index.php?rest_route=\/wp\/v2\/users\/1"}],"replies":[{"embeddable":true,"href":"https:\/\/ostrowskatv.pl\/index.php?rest_route=%2Fwp%2Fv2%2Fcomments&post=17106"}],"version-history":[{"count":0,"href":"https:\/\/ostrowskatv.pl\/index.php?rest_route=\/wp\/v2\/posts\/17106\/revisions"}],"wp:featuredmedia":[{"embeddable":true,"href":"https:\/\/ostrowskatv.pl\/index.php?rest_route=\/wp\/v2\/media\/5659"}],"wp:attachment":[{"href":"https:\/\/ostrowskatv.pl\/index.php?rest_route=%2Fwp%2Fv2%2Fmedia&parent=17106"}],"wp:term":[{"taxonomy":"category","embeddable":true,"href":"https:\/\/ostrowskatv.pl\/index.php?rest_route=%2Fwp%2Fv2%2Fcategories&post=17106"},{"taxonomy":"post_tag","embeddable":true,"href":"https:\/\/ostrowskatv.pl\/index.php?rest_route=%2Fwp%2Fv2%2Ftags&post=17106"}],"curies":[{"name":"wp","href":"https:\/\/api.w.org\/{rel}","templated":true}]}}