{"id":17096,"date":"2021-12-06T14:25:39","date_gmt":"2021-12-06T13:25:39","guid":{"rendered":"https:\/\/ostrowskatv.pl\/?p=17096"},"modified":"2021-12-06T14:27:31","modified_gmt":"2021-12-06T13:27:31","slug":"jak-mogl-nie-zauwazyc-ronda-bankowego-zderzenie-mazdy-i-citroena","status":"publish","type":"post","link":"https:\/\/ostrowskatv.pl\/?p=17096","title":{"rendered":"Jak m\u00f3g\u0142 nie zauwa\u017cy\u0107 Ronda Bankowego? Zderzenie mazdy i citroena"},"content":{"rendered":"<p><strong>W Miko\u0142ajki zwyczajowo mo\u017cna spodziewa\u0107 si\u0119 s\u0142odkich upomink\u00f3w. Kieruj\u0105cej citroenem nie b\u0119dzie si\u0119 dzisiaj mi\u0142o kojarzy\u0142 ten dzie\u0144, a to za spraw\u0105 dynamicznej jazdy w wykonaniu kierowcy mazdy. Jad\u0105c od strony II Liceum Og\u00f3lnokszta\u0142c\u0105cego wjecha\u0142 bez hamowania na Rondo Bankowe. Gdyby zna\u0142 statystyki kolizyjno\u015bci tego miejsca to ju\u017c to powinno zapali\u0107 u niego lampk\u0119 ostrzegawcz\u0105, kt\u00f3ra zaowocowa\u0142aby spokojnym i ostro\u017cnym przejazdem. <\/strong><\/p>\n<p>Kierowca mazdy wymusi\u0142 pierwsze\u0144stwo i doprowadzi\u0142 do kolizji z citroenem, kt\u00f3ry uderzy\u0142 przodem w lewy bok mazdy. Oboje kieruj\u0105cy zacz\u0119li hamowa\u0107 tu\u017c przed zderzeniem. Oby\u0142o si\u0119 bez os\u00f3b poszkodowanych, ale citroen wr\u00f3ci\u0142 z ronda na lawecie.<\/p>\n<p><iframe loading=\"lazy\" title=\"Rondo Bankowe - kolizja 6 grudnia 2021\" width=\"747\" height=\"420\" src=\"https:\/\/www.youtube.com\/embed\/H8CO3_G5IZU?feature=oembed\" frameborder=\"0\" allow=\"accelerometer; autoplay; clipboard-write; encrypted-media; gyroscope; picture-in-picture; web-share\" referrerpolicy=\"strict-origin-when-cross-origin\" allowfullscreen><\/iframe><\/p>\n<p><img loading=\"lazy\" decoding=\"async\" src=\"https:\/\/ostrowskatv.pl\/wp-content\/uploads\/2021\/12\/20211206_130450-02.jpeg\" alt=\"\" width=\"1366\" height=\"1006\" class=\"alignnone size-full wp-image-17099\" srcset=\"https:\/\/ostrowskatv.pl\/wp-content\/uploads\/2021\/12\/20211206_130450-02.jpeg 1366w, https:\/\/ostrowskatv.pl\/wp-content\/uploads\/2021\/12\/20211206_130450-02-300x221.jpeg 300w, https:\/\/ostrowskatv.pl\/wp-content\/uploads\/2021\/12\/20211206_130450-02-489x360.jpeg 489w\" sizes=\"auto, (max-width: 1366px) 100vw, 1366px\" \/><\/p>\n","protected":false},"excerpt":{"rendered":"W Miko\u0142ajki zwyczajowo mo\u017cna spodziewa\u0107 si\u0119 s\u0142odkich upomink\u00f3w. Kieruj\u0105cej citroenem nie b\u0119dzie si\u0119 dzisiaj mi\u0142o kojarzy\u0142 ten dzie\u0144, a to za spraw\u0105 dynamicznej \n<a class=\"moretag\" href=\"https:\/\/ostrowskatv.pl\/?p=17096\"> [...]<\/a>","protected":false},"author":1,"featured_media":17097,"comment_status":"open","ping_status":"closed","sticky":false,"template":"","format":"standard","meta":{"footnotes":""},"categories":[1],"tags":[212],"class_list":["post-17096","post","type-post","status-publish","format-standard","has-post-thumbnail","hentry","category-news","tag-rondo-bankowe"],"_links":{"self":[{"href":"https:\/\/ostrowskatv.pl\/index.php?rest_route=\/wp\/v2\/posts\/17096","targetHints":{"allow":["GET"]}}],"collection":[{"href":"https:\/\/ostrowskatv.pl\/index.php?rest_route=\/wp\/v2\/posts"}],"about":[{"href":"https:\/\/ostrowskatv.pl\/index.php?rest_route=\/wp\/v2\/types\/post"}],"author":[{"embeddable":true,"href":"https:\/\/ostrowskatv.pl\/index.php?rest_route=\/wp\/v2\/users\/1"}],"replies":[{"embeddable":true,"href":"https:\/\/ostrowskatv.pl\/index.php?rest_route=%2Fwp%2Fv2%2Fcomments&post=17096"}],"version-history":[{"count":0,"href":"https:\/\/ostrowskatv.pl\/index.php?rest_route=\/wp\/v2\/posts\/17096\/revisions"}],"wp:featuredmedia":[{"embeddable":true,"href":"https:\/\/ostrowskatv.pl\/index.php?rest_route=\/wp\/v2\/media\/17097"}],"wp:attachment":[{"href":"https:\/\/ostrowskatv.pl\/index.php?rest_route=%2Fwp%2Fv2%2Fmedia&parent=17096"}],"wp:term":[{"taxonomy":"category","embeddable":true,"href":"https:\/\/ostrowskatv.pl\/index.php?rest_route=%2Fwp%2Fv2%2Fcategories&post=17096"},{"taxonomy":"post_tag","embeddable":true,"href":"https:\/\/ostrowskatv.pl\/index.php?rest_route=%2Fwp%2Fv2%2Ftags&post=17096"}],"curies":[{"name":"wp","href":"https:\/\/api.w.org\/{rel}","templated":true}]}}