{"id":17087,"date":"2021-12-05T17:18:38","date_gmt":"2021-12-05T16:18:38","guid":{"rendered":"https:\/\/ostrowskatv.pl\/?p=17087"},"modified":"2021-12-05T17:46:03","modified_gmt":"2021-12-05T16:46:03","slug":"mezczyzna-zginal-spadajac-z-kamienicy-na-deptaku","status":"publish","type":"post","link":"https:\/\/ostrowskatv.pl\/?p=17087","title":{"rendered":"M\u0119\u017cczyzna zgin\u0105\u0142 spadaj\u0105c z kamienicy na deptaku"},"content":{"rendered":"<p><strong>Przed godzin\u0105 17 dosz\u0142o do tragedii na ostrowskim Deptaku. Wst\u0119pne okoliczno\u015bci wskazuj\u0105, \u017ce m\u0119\u017cczyzna spad\u0142 z dachu domu handlowego, w kt\u00f3rym mie\u015bci\u0142a si\u0119 kiedy\u015b siedziba Gazety Ostrowskiej. <\/stron><\/p>\n<p>Wst\u0119pne ustalenia wskazuj\u0105, \u017ce m\u0119\u017cczyzna mia\u0142 57 lat i by\u0142 znany w naszym mie\u015bcie.<\/p>\n<p><img loading=\"lazy\" decoding=\"async\" src=\"https:\/\/ostrowskatv.pl\/wp-content\/uploads\/2021\/12\/20211205_170826-01.jpeg\" alt=\"\" width=\"1366\" height=\"1025\" class=\"alignnone size-full wp-image-17088\" srcset=\"https:\/\/ostrowskatv.pl\/wp-content\/uploads\/2021\/12\/20211205_170826-01.jpeg 1366w, https:\/\/ostrowskatv.pl\/wp-content\/uploads\/2021\/12\/20211205_170826-01-300x225.jpeg 300w, https:\/\/ostrowskatv.pl\/wp-content\/uploads\/2021\/12\/20211205_170826-01-480x360.jpeg 480w\" sizes=\"auto, (max-width: 1366px) 100vw, 1366px\" \/><\/p>\n<p><img loading=\"lazy\" decoding=\"async\" src=\"https:\/\/ostrowskatv.pl\/wp-content\/uploads\/2021\/12\/20211205_170929-01.jpeg\" alt=\"\" width=\"1366\" height=\"1025\" class=\"alignnone size-full wp-image-17089\" srcset=\"https:\/\/ostrowskatv.pl\/wp-content\/uploads\/2021\/12\/20211205_170929-01.jpeg 1366w, https:\/\/ostrowskatv.pl\/wp-content\/uploads\/2021\/12\/20211205_170929-01-300x225.jpeg 300w, https:\/\/ostrowskatv.pl\/wp-content\/uploads\/2021\/12\/20211205_170929-01-480x360.jpeg 480w\" sizes=\"auto, (max-width: 1366px) 100vw, 1366px\" \/><\/p>\n<p><img loading=\"lazy\" decoding=\"async\" src=\"https:\/\/ostrowskatv.pl\/wp-content\/uploads\/2021\/12\/20211205_171049-01.jpeg\" alt=\"\" width=\"1025\" height=\"1366\" class=\"alignnone size-full wp-image-17090\" srcset=\"https:\/\/ostrowskatv.pl\/wp-content\/uploads\/2021\/12\/20211205_171049-01.jpeg 1025w, https:\/\/ostrowskatv.pl\/wp-content\/uploads\/2021\/12\/20211205_171049-01-225x300.jpeg 225w, https:\/\/ostrowskatv.pl\/wp-content\/uploads\/2021\/12\/20211205_171049-01-270x360.jpeg 270w\" sizes=\"auto, (max-width: 1025px) 100vw, 1025px\" \/><\/p>\n<p><img loading=\"lazy\" decoding=\"async\" src=\"https:\/\/ostrowskatv.pl\/wp-content\/uploads\/2021\/12\/20211205_173122-01.jpeg\" alt=\"\" width=\"1366\" height=\"1025\" class=\"alignnone size-full wp-image-17092\" srcset=\"https:\/\/ostrowskatv.pl\/wp-content\/uploads\/2021\/12\/20211205_173122-01.jpeg 1366w, https:\/\/ostrowskatv.pl\/wp-content\/uploads\/2021\/12\/20211205_173122-01-300x225.jpeg 300w, https:\/\/ostrowskatv.pl\/wp-content\/uploads\/2021\/12\/20211205_173122-01-480x360.jpeg 480w\" sizes=\"auto, (max-width: 1366px) 100vw, 1366px\" \/><\/p>\n<p><img loading=\"lazy\" decoding=\"async\" src=\"https:\/\/ostrowskatv.pl\/wp-content\/uploads\/2021\/12\/20211205_173144-01.jpeg\" alt=\"\" width=\"1366\" height=\"1044\" class=\"alignnone size-full wp-image-17093\" srcset=\"https:\/\/ostrowskatv.pl\/wp-content\/uploads\/2021\/12\/20211205_173144-01.jpeg 1366w, https:\/\/ostrowskatv.pl\/wp-content\/uploads\/2021\/12\/20211205_173144-01-300x229.jpeg 300w, https:\/\/ostrowskatv.pl\/wp-content\/uploads\/2021\/12\/20211205_173144-01-471x360.jpeg 471w\" sizes=\"auto, (max-width: 1366px) 100vw, 1366px\" \/><\/p>\n<p><img loading=\"lazy\" decoding=\"async\" src=\"https:\/\/ostrowskatv.pl\/wp-content\/uploads\/2021\/12\/20211205_173228-01.jpeg\" alt=\"\" width=\"1366\" height=\"1025\" class=\"alignnone size-full wp-image-17094\" srcset=\"https:\/\/ostrowskatv.pl\/wp-content\/uploads\/2021\/12\/20211205_173228-01.jpeg 1366w, https:\/\/ostrowskatv.pl\/wp-content\/uploads\/2021\/12\/20211205_173228-01-300x225.jpeg 300w, https:\/\/ostrowskatv.pl\/wp-content\/uploads\/2021\/12\/20211205_173228-01-480x360.jpeg 480w\" sizes=\"auto, (max-width: 1366px) 100vw, 1366px\" \/><\/p>\n","protected":false},"excerpt":{"rendered":"Przed godzin\u0105 17 dosz\u0142o do tragedii na ostrowskim Deptaku. Wst\u0119pne okoliczno\u015bci wskazuj\u0105, \u017ce m\u0119\u017cczyzna spad\u0142 z dachu domu handlowego, w kt\u00f3rym mie\u015bci\u0142a si\u0119 \n<a class=\"moretag\" href=\"https:\/\/ostrowskatv.pl\/?p=17087\"> [...]<\/a>","protected":false},"author":1,"featured_media":17089,"comment_status":"open","ping_status":"closed","sticky":false,"template":"","format":"standard","meta":{"footnotes":""},"categories":[1],"tags":[12],"class_list":["post-17087","post","type-post","status-publish","format-standard","has-post-thumbnail","hentry","category-news","tag-smierc"],"_links":{"self":[{"href":"https:\/\/ostrowskatv.pl\/index.php?rest_route=\/wp\/v2\/posts\/17087","targetHints":{"allow":["GET"]}}],"collection":[{"href":"https:\/\/ostrowskatv.pl\/index.php?rest_route=\/wp\/v2\/posts"}],"about":[{"href":"https:\/\/ostrowskatv.pl\/index.php?rest_route=\/wp\/v2\/types\/post"}],"author":[{"embeddable":true,"href":"https:\/\/ostrowskatv.pl\/index.php?rest_route=\/wp\/v2\/users\/1"}],"replies":[{"embeddable":true,"href":"https:\/\/ostrowskatv.pl\/index.php?rest_route=%2Fwp%2Fv2%2Fcomments&post=17087"}],"version-history":[{"count":0,"href":"https:\/\/ostrowskatv.pl\/index.php?rest_route=\/wp\/v2\/posts\/17087\/revisions"}],"wp:featuredmedia":[{"embeddable":true,"href":"https:\/\/ostrowskatv.pl\/index.php?rest_route=\/wp\/v2\/media\/17089"}],"wp:attachment":[{"href":"https:\/\/ostrowskatv.pl\/index.php?rest_route=%2Fwp%2Fv2%2Fmedia&parent=17087"}],"wp:term":[{"taxonomy":"category","embeddable":true,"href":"https:\/\/ostrowskatv.pl\/index.php?rest_route=%2Fwp%2Fv2%2Fcategories&post=17087"},{"taxonomy":"post_tag","embeddable":true,"href":"https:\/\/ostrowskatv.pl\/index.php?rest_route=%2Fwp%2Fv2%2Ftags&post=17087"}],"curies":[{"name":"wp","href":"https:\/\/api.w.org\/{rel}","templated":true}]}}