{"id":17054,"date":"2021-12-03T20:46:06","date_gmt":"2021-12-03T19:46:06","guid":{"rendered":"https:\/\/ostrowskatv.pl\/?p=17054"},"modified":"2021-12-03T21:00:00","modified_gmt":"2021-12-03T20:00:00","slug":"nie-zyje-14-latka-powiesila-sie","status":"publish","type":"post","link":"https:\/\/ostrowskatv.pl\/?p=17054","title":{"rendered":"Nie \u017cyje 14-latka. Powiesi\u0142a si\u0119"},"content":{"rendered":"<p><strong>Do olbrzymiej rodzinnej tragedii dosz\u0142o w pi\u0105tkowy wiecz\u00f3r w powiecie ostrowskim. W jednym z dom\u00f3w na terenie gminy Raszk\u00f3w rozegra\u0142a si\u0119 walka o \u017cycie dziecka.<\/strong><\/p>\n<p>14-letnia dziewczynka zosta\u0142a odnaleziona przed godzin\u0105 19 przez cz\u0142onka rodziny. Wst\u0119pne okoliczno\u015bci wskazywa\u0142y na pr\u00f3b\u0119 targni\u0119cia si\u0119 na swoje m\u0142ode \u017cycie. Rozpocz\u0119to reanimacj\u0119.<\/p>\n<p>S\u0142u\u017cby dotar\u0142y na miejsce po oko\u0142o 15 minutach. Pierwsi byli policjanci, a nast\u0119pnie ratownicy medyczni. Poproszono o pomoc personel z bazy LPR w Micha\u0142kowie, kt\u00f3ry dotar\u0142 na miejsce \u015bmig\u0142owcem. Wyl\u0105dowa\u0142 w Raszkowie sk\u0105d samochodem osobowym ostrowskiej stra\u017cy po\u017carnej medycy dojechali do konkretnego domu.<\/p>\n<p>Pomimo zaawansowanych dzia\u0142a\u0144 medycznych, \u017cycia dziewczynki niestety nie uda\u0142o si\u0119 uratowa\u0107. W domu przebywa\u0142a jeszcze kilkuletnia siostra.<\/p>\n<p><img loading=\"lazy\" decoding=\"async\" src=\"https:\/\/ostrowskatv.pl\/wp-content\/uploads\/2021\/12\/20211203_192939-01.jpeg\" alt=\"\" width=\"1366\" height=\"829\" class=\"alignnone size-full wp-image-17056\" srcset=\"https:\/\/ostrowskatv.pl\/wp-content\/uploads\/2021\/12\/20211203_192939-01.jpeg 1366w, https:\/\/ostrowskatv.pl\/wp-content\/uploads\/2021\/12\/20211203_192939-01-300x182.jpeg 300w, https:\/\/ostrowskatv.pl\/wp-content\/uploads\/2021\/12\/20211203_192939-01-593x360.jpeg 593w\" sizes=\"auto, (max-width: 1366px) 100vw, 1366px\" \/><\/p>\n<p>Ka\u017cdy ucze\u0144 mo\u017ce znale\u017a\u0107 profesjonaln\u0105 pomoc u pedagoga szkolnego. S\u0105 to osoby przeszkolone, z do\u015bwiadczeniem, kt\u00f3re pomog\u0105 rozwi\u0105za\u0107 trudn\u0105 sytuacj\u0119. W szko\u0142ach \u015brednich powiatu ostrowskiego zatrudniono tak\u017ce psycholog\u00f3w, z kt\u00f3rymi mo\u017cna porozmawia\u0107 i znale\u017a\u0107 rozwi\u0105zanie problemu. <\/p>\n<p>Je\u015bli masz uporczywe i silne my\u015bli samob\u00f3jcze, mo\u017cesz si\u0119 tak\u017ce zg\u0142osi\u0107 do ka\u017cdego szpitala psychiatrycznego. Tam r\u00f3wnie\u017c nie jest potrzebne ubezpieczenie zdrowotne. W sytuacjach nag\u0142ych (o ile powiesz, \u017ce to sprawa pilna) lekarz musi ci\u0119 przyj\u0105\u0107 tego samego dnia.<\/p>\n<p>Bezp\u0142atny kryzysowy telefon zaufania dla doros\u0142ych:\u00a0116 123<\/p>\n<p>Bezp\u0142atny kryzysowy telefon zaufania dla dzieci m\u0142odzie\u017cy:\u00a0116\u00a0111<\/p>\n<p>Szeroki spis organizacji pomocowych znajdziesz na stronie\u00a0<a href=\"http:\/\/www.samobojstwo.pl\">www.samobojstwo.pl<\/a><\/p>\n","protected":false},"excerpt":{"rendered":"Do olbrzymiej rodzinnej tragedii dosz\u0142o w pi\u0105tkowy wiecz\u00f3r w powiecie ostrowskim. W jednym z dom\u00f3w na terenie gminy Raszk\u00f3w rozegra\u0142a si\u0119 walka o \n<a class=\"moretag\" href=\"https:\/\/ostrowskatv.pl\/?p=17054\"> [...]<\/a>","protected":false},"author":1,"featured_media":17055,"comment_status":"open","ping_status":"closed","sticky":false,"template":"","format":"standard","meta":{"footnotes":""},"categories":[1],"tags":[153],"class_list":["post-17054","post","type-post","status-publish","format-standard","has-post-thumbnail","hentry","category-news","tag-gm-raszkow"],"_links":{"self":[{"href":"https:\/\/ostrowskatv.pl\/index.php?rest_route=\/wp\/v2\/posts\/17054","targetHints":{"allow":["GET"]}}],"collection":[{"href":"https:\/\/ostrowskatv.pl\/index.php?rest_route=\/wp\/v2\/posts"}],"about":[{"href":"https:\/\/ostrowskatv.pl\/index.php?rest_route=\/wp\/v2\/types\/post"}],"author":[{"embeddable":true,"href":"https:\/\/ostrowskatv.pl\/index.php?rest_route=\/wp\/v2\/users\/1"}],"replies":[{"embeddable":true,"href":"https:\/\/ostrowskatv.pl\/index.php?rest_route=%2Fwp%2Fv2%2Fcomments&post=17054"}],"version-history":[{"count":0,"href":"https:\/\/ostrowskatv.pl\/index.php?rest_route=\/wp\/v2\/posts\/17054\/revisions"}],"wp:featuredmedia":[{"embeddable":true,"href":"https:\/\/ostrowskatv.pl\/index.php?rest_route=\/wp\/v2\/media\/17055"}],"wp:attachment":[{"href":"https:\/\/ostrowskatv.pl\/index.php?rest_route=%2Fwp%2Fv2%2Fmedia&parent=17054"}],"wp:term":[{"taxonomy":"category","embeddable":true,"href":"https:\/\/ostrowskatv.pl\/index.php?rest_route=%2Fwp%2Fv2%2Fcategories&post=17054"},{"taxonomy":"post_tag","embeddable":true,"href":"https:\/\/ostrowskatv.pl\/index.php?rest_route=%2Fwp%2Fv2%2Ftags&post=17054"}],"curies":[{"name":"wp","href":"https:\/\/api.w.org\/{rel}","templated":true}]}}