{"id":17044,"date":"2021-12-01T17:36:56","date_gmt":"2021-12-01T16:36:56","guid":{"rendered":"https:\/\/ostrowskatv.pl\/?p=17044"},"modified":"2021-12-01T17:36:56","modified_gmt":"2021-12-01T16:36:56","slug":"potracenie-2-dziewczynek","status":"publish","type":"post","link":"https:\/\/ostrowskatv.pl\/?p=17044","title":{"rendered":"Potr\u0105cenie 2 dziewczynek"},"content":{"rendered":"<p><strong>Chwile grozy prze\u017cyli uczestnicy potr\u0105cenia, do kt\u00f3rego dosz\u0142o na skrzy\u017cowaniu ulic Strzeleckiej oraz Jankowskiego w Ostrowie Wielkopolskim. Kieruj\u0105ca volkswagenem potr\u0105ci\u0142a dwie dziewczynki.<\/strong><\/p>\n<p>Dwie dziewczynki w wieku oko\u0142o 12 lat pod\u0105\u017ca\u0142y wzd\u0142u\u017c ulicy Strzeleckiej na zaj\u0119cia sportowe. Jedna z nich jecha\u0142a hulajnog\u0105, a druga sz\u0142a obok. Kieruj\u0105ca volkswagenem, kobieta w \u015brednim wieku, wje\u017cd\u017caj\u0105c w ulic\u0119 Jankowskiego nie dostrzeg\u0142a w por\u0119 dziewczynek. Obie si\u0119 przewr\u00f3ci\u0142y, ale \u017cadna nie uskar\u017ca\u0142a si\u0119 na dolegliwo\u015bci b\u00f3lowe.<\/p>\n<p>Wezwano policj\u0119, kt\u00f3ra rozliczy\u0142a kieruj\u0105ca autem.<\/p>\n<p><img loading=\"lazy\" decoding=\"async\" src=\"https:\/\/ostrowskatv.pl\/wp-content\/uploads\/2021\/12\/20211201_161906-02.jpeg\" alt=\"\" width=\"1366\" height=\"977\" class=\"alignnone size-full wp-image-17047\" srcset=\"https:\/\/ostrowskatv.pl\/wp-content\/uploads\/2021\/12\/20211201_161906-02.jpeg 1366w, https:\/\/ostrowskatv.pl\/wp-content\/uploads\/2021\/12\/20211201_161906-02-300x215.jpeg 300w, https:\/\/ostrowskatv.pl\/wp-content\/uploads\/2021\/12\/20211201_161906-02-503x360.jpeg 503w, https:\/\/ostrowskatv.pl\/wp-content\/uploads\/2021\/12\/20211201_161906-02-120x85.jpeg 120w\" sizes=\"auto, (max-width: 1366px) 100vw, 1366px\" \/><\/p>\n<p><img loading=\"lazy\" decoding=\"async\" src=\"https:\/\/ostrowskatv.pl\/wp-content\/uploads\/2021\/12\/20211201_161837-01.jpeg\" alt=\"\" width=\"1366\" height=\"949\" class=\"alignnone size-full wp-image-17046\" srcset=\"https:\/\/ostrowskatv.pl\/wp-content\/uploads\/2021\/12\/20211201_161837-01.jpeg 1366w, https:\/\/ostrowskatv.pl\/wp-content\/uploads\/2021\/12\/20211201_161837-01-300x208.jpeg 300w, https:\/\/ostrowskatv.pl\/wp-content\/uploads\/2021\/12\/20211201_161837-01-518x360.jpeg 518w\" sizes=\"auto, (max-width: 1366px) 100vw, 1366px\" \/><\/p>\n<p><img loading=\"lazy\" decoding=\"async\" src=\"https:\/\/ostrowskatv.pl\/wp-content\/uploads\/2021\/12\/20211201_161729-01.jpeg\" alt=\"\" width=\"1366\" height=\"817\" class=\"alignnone size-full wp-image-17045\" srcset=\"https:\/\/ostrowskatv.pl\/wp-content\/uploads\/2021\/12\/20211201_161729-01.jpeg 1366w, https:\/\/ostrowskatv.pl\/wp-content\/uploads\/2021\/12\/20211201_161729-01-300x179.jpeg 300w, https:\/\/ostrowskatv.pl\/wp-content\/uploads\/2021\/12\/20211201_161729-01-602x360.jpeg 602w\" sizes=\"auto, (max-width: 1366px) 100vw, 1366px\" \/><\/p>\n","protected":false},"excerpt":{"rendered":"Chwile grozy prze\u017cyli uczestnicy potr\u0105cenia, do kt\u00f3rego dosz\u0142o na skrzy\u017cowaniu ulic Strzeleckiej oraz Jankowskiego w Ostrowie Wielkopolskim. Kieruj\u0105ca volkswagenem potr\u0105ci\u0142a dwie dziewczynki. Dwie \n<a class=\"moretag\" href=\"https:\/\/ostrowskatv.pl\/?p=17044\"> [...]<\/a>","protected":false},"author":1,"featured_media":17046,"comment_status":"open","ping_status":"closed","sticky":false,"template":"","format":"standard","meta":{"footnotes":""},"categories":[1],"tags":[41],"class_list":["post-17044","post","type-post","status-publish","format-standard","has-post-thumbnail","hentry","category-news","tag-potracenie"],"_links":{"self":[{"href":"https:\/\/ostrowskatv.pl\/index.php?rest_route=\/wp\/v2\/posts\/17044","targetHints":{"allow":["GET"]}}],"collection":[{"href":"https:\/\/ostrowskatv.pl\/index.php?rest_route=\/wp\/v2\/posts"}],"about":[{"href":"https:\/\/ostrowskatv.pl\/index.php?rest_route=\/wp\/v2\/types\/post"}],"author":[{"embeddable":true,"href":"https:\/\/ostrowskatv.pl\/index.php?rest_route=\/wp\/v2\/users\/1"}],"replies":[{"embeddable":true,"href":"https:\/\/ostrowskatv.pl\/index.php?rest_route=%2Fwp%2Fv2%2Fcomments&post=17044"}],"version-history":[{"count":0,"href":"https:\/\/ostrowskatv.pl\/index.php?rest_route=\/wp\/v2\/posts\/17044\/revisions"}],"wp:featuredmedia":[{"embeddable":true,"href":"https:\/\/ostrowskatv.pl\/index.php?rest_route=\/wp\/v2\/media\/17046"}],"wp:attachment":[{"href":"https:\/\/ostrowskatv.pl\/index.php?rest_route=%2Fwp%2Fv2%2Fmedia&parent=17044"}],"wp:term":[{"taxonomy":"category","embeddable":true,"href":"https:\/\/ostrowskatv.pl\/index.php?rest_route=%2Fwp%2Fv2%2Fcategories&post=17044"},{"taxonomy":"post_tag","embeddable":true,"href":"https:\/\/ostrowskatv.pl\/index.php?rest_route=%2Fwp%2Fv2%2Ftags&post=17044"}],"curies":[{"name":"wp","href":"https:\/\/api.w.org\/{rel}","templated":true}]}}