{"id":17017,"date":"2021-11-25T11:58:39","date_gmt":"2021-11-25T10:58:39","guid":{"rendered":"https:\/\/ostrowskatv.pl\/?p=17017"},"modified":"2021-11-25T11:58:39","modified_gmt":"2021-11-25T10:58:39","slug":"nowy-woz-juz-w-ostrowie-duzy-kontrast","status":"publish","type":"post","link":"https:\/\/ostrowskatv.pl\/?p=17017","title":{"rendered":"Nowy w\u00f3z ju\u017c w Ostrowie. Du\u017cy kontrast"},"content":{"rendered":"<p><strong>Nowy w\u00f3z ratowniczo-ga\u015bniczy trafi\u0142 ju\u017c do Ostrowa Wielkopolskiego. Minie jeszcze kilka dni zanim zobaczymy go na ulicach powiatu ostrowskiego, ale ju\u017c teraz mogli\u015bmy przyjrze\u0107 mu si\u0119 z bliska.<\/strong><\/p>\n<p>Z zewn\u0105trz mo\u017cemy zauwa\u017cy\u0107, \u017ce jest wy\u017cszy od poprzednika, maj\u0105cego ju\u017c 19 lat. Blask nowo\u015bci zachwyca, jednak po wej\u015bciu do \u015brodka zauwa\u017cymy siermi\u0119\u017cne zegary czy kierownic\u0119. Wiadomo, \u017ce taki w\u00f3z ma by\u0107 praktyczny i s\u0142u\u017cy\u0107 w ci\u0119\u017ckich warunkach, a nadmiar elektroniki m\u00f3g\u0142by okaza\u0107 si\u0119 pi\u0119t\u0105 Achillesow\u0105.<\/p>\n<p>Ju\u017c wkr\u00f3tce zobaczymy mkn\u0105cych nim stra\u017cak\u00f3w nie tylko do b\u0142ahych zdarze\u0144 jak kotek na drzewie, ale r\u00f3wnie\u017c do du\u017cych po\u017car\u00f3w czy wypadk\u00f3w drogowych. <\/p>\n<p>Zabudow\u0119 wozu ga\u015bniczego zrobiono na podwoziu firmy volvo. Wykona\u0142a go firma bocar spod Cz\u0119stochowy. B\u0119dzie mie\u0107 zbiornik na wod\u0119 o pojemno\u015bci 2500 litr\u00f3w, a tak\u017ce drugi na \u015brodek pianotw\u00f3rczy o pojemno\u015bci 250 litr\u00f3w. Nap\u0119d 4\u00d74 przyda si\u0119 do jazdy w trudniejszym terenie. Z dodatkowego wyposa\u017cenia ma mie\u0107 wyci\u0105gark\u0119 czy o\u015bwietlenie ledowe. Bezpiecze\u0144stwo przy manewrach zwi\u0119kszy kamera cofania.<\/p>\n<p>Przetarg by\u0142 og\u0142oszony przez Komend\u0119 Wojew\u00f3dzka Stra\u017cy Po\u017carnej w Poznaniu i st\u0105d pozna\u0144skie tablice rejestracyjne. Zwyci\u0119ska kwota osi\u0105gn\u0119\u0142a prawie 900 tys. z\u0142.<\/p>\n<p>Dotychczasowy w\u00f3z trafi do jednej z komend w powiecie ostrowskim.<\/p>\n<p><img loading=\"lazy\" decoding=\"async\" src=\"https:\/\/ostrowskatv.pl\/wp-content\/uploads\/2021\/11\/20211125_101738-01.jpeg\" alt=\"\" width=\"1366\" height=\"1025\" class=\"alignnone size-full wp-image-17018\" srcset=\"https:\/\/ostrowskatv.pl\/wp-content\/uploads\/2021\/11\/20211125_101738-01.jpeg 1366w, https:\/\/ostrowskatv.pl\/wp-content\/uploads\/2021\/11\/20211125_101738-01-300x225.jpeg 300w, https:\/\/ostrowskatv.pl\/wp-content\/uploads\/2021\/11\/20211125_101738-01-480x360.jpeg 480w\" sizes=\"auto, (max-width: 1366px) 100vw, 1366px\" \/><\/p>\n<p><img loading=\"lazy\" decoding=\"async\" src=\"https:\/\/ostrowskatv.pl\/wp-content\/uploads\/2021\/11\/20211125_100558-01.jpeg\" alt=\"\" width=\"962\" height=\"1366\" class=\"alignnone size-full wp-image-17019\" srcset=\"https:\/\/ostrowskatv.pl\/wp-content\/uploads\/2021\/11\/20211125_100558-01.jpeg 962w, https:\/\/ostrowskatv.pl\/wp-content\/uploads\/2021\/11\/20211125_100558-01-211x300.jpeg 211w, https:\/\/ostrowskatv.pl\/wp-content\/uploads\/2021\/11\/20211125_100558-01-254x360.jpeg 254w\" sizes=\"auto, (max-width: 962px) 100vw, 962px\" \/><\/p>\n<p><img loading=\"lazy\" decoding=\"async\" src=\"https:\/\/ostrowskatv.pl\/wp-content\/uploads\/2021\/11\/20211125_100749-01.jpeg\" alt=\"\" width=\"1366\" height=\"1025\" class=\"alignnone size-full wp-image-17020\" srcset=\"https:\/\/ostrowskatv.pl\/wp-content\/uploads\/2021\/11\/20211125_100749-01.jpeg 1366w, https:\/\/ostrowskatv.pl\/wp-content\/uploads\/2021\/11\/20211125_100749-01-300x225.jpeg 300w, https:\/\/ostrowskatv.pl\/wp-content\/uploads\/2021\/11\/20211125_100749-01-480x360.jpeg 480w\" sizes=\"auto, (max-width: 1366px) 100vw, 1366px\" \/><\/p>\n<p><img loading=\"lazy\" decoding=\"async\" src=\"https:\/\/ostrowskatv.pl\/wp-content\/uploads\/2021\/11\/20211125_100405-01.jpeg\" alt=\"\" width=\"1366\" height=\"1025\" class=\"alignnone size-full wp-image-17021\" srcset=\"https:\/\/ostrowskatv.pl\/wp-content\/uploads\/2021\/11\/20211125_100405-01.jpeg 1366w, https:\/\/ostrowskatv.pl\/wp-content\/uploads\/2021\/11\/20211125_100405-01-300x225.jpeg 300w, https:\/\/ostrowskatv.pl\/wp-content\/uploads\/2021\/11\/20211125_100405-01-480x360.jpeg 480w\" sizes=\"auto, (max-width: 1366px) 100vw, 1366px\" \/><\/p>\n<p><img loading=\"lazy\" decoding=\"async\" src=\"https:\/\/ostrowskatv.pl\/wp-content\/uploads\/2021\/11\/20211125_100333-01.jpeg\" alt=\"\" width=\"1366\" height=\"937\" class=\"alignnone size-full wp-image-17022\" srcset=\"https:\/\/ostrowskatv.pl\/wp-content\/uploads\/2021\/11\/20211125_100333-01.jpeg 1366w, https:\/\/ostrowskatv.pl\/wp-content\/uploads\/2021\/11\/20211125_100333-01-300x206.jpeg 300w, https:\/\/ostrowskatv.pl\/wp-content\/uploads\/2021\/11\/20211125_100333-01-525x360.jpeg 525w\" sizes=\"auto, (max-width: 1366px) 100vw, 1366px\" \/><\/p>\n<p><img loading=\"lazy\" decoding=\"async\" src=\"https:\/\/ostrowskatv.pl\/wp-content\/uploads\/2021\/11\/20211125_100346-01.jpeg\" alt=\"\" width=\"1178\" height=\"1366\" class=\"alignnone size-full wp-image-17023\" srcset=\"https:\/\/ostrowskatv.pl\/wp-content\/uploads\/2021\/11\/20211125_100346-01.jpeg 1178w, https:\/\/ostrowskatv.pl\/wp-content\/uploads\/2021\/11\/20211125_100346-01-259x300.jpeg 259w, https:\/\/ostrowskatv.pl\/wp-content\/uploads\/2021\/11\/20211125_100346-01-310x360.jpeg 310w\" sizes=\"auto, (max-width: 1178px) 100vw, 1178px\" \/><\/p>\n","protected":false},"excerpt":{"rendered":"Nowy w\u00f3z ratowniczo-ga\u015bniczy trafi\u0142 ju\u017c do Ostrowa Wielkopolskiego. Minie jeszcze kilka dni zanim zobaczymy go na ulicach powiatu ostrowskiego, ale ju\u017c teraz mogli\u015bmy \n<a class=\"moretag\" href=\"https:\/\/ostrowskatv.pl\/?p=17017\"> [...]<\/a>","protected":false},"author":1,"featured_media":17022,"comment_status":"open","ping_status":"closed","sticky":false,"template":"","format":"standard","meta":{"footnotes":""},"categories":[1],"tags":[2],"class_list":["post-17017","post","type-post","status-publish","format-standard","has-post-thumbnail","hentry","category-news","tag-ostrow-wielkopolski"],"_links":{"self":[{"href":"https:\/\/ostrowskatv.pl\/index.php?rest_route=\/wp\/v2\/posts\/17017","targetHints":{"allow":["GET"]}}],"collection":[{"href":"https:\/\/ostrowskatv.pl\/index.php?rest_route=\/wp\/v2\/posts"}],"about":[{"href":"https:\/\/ostrowskatv.pl\/index.php?rest_route=\/wp\/v2\/types\/post"}],"author":[{"embeddable":true,"href":"https:\/\/ostrowskatv.pl\/index.php?rest_route=\/wp\/v2\/users\/1"}],"replies":[{"embeddable":true,"href":"https:\/\/ostrowskatv.pl\/index.php?rest_route=%2Fwp%2Fv2%2Fcomments&post=17017"}],"version-history":[{"count":0,"href":"https:\/\/ostrowskatv.pl\/index.php?rest_route=\/wp\/v2\/posts\/17017\/revisions"}],"wp:featuredmedia":[{"embeddable":true,"href":"https:\/\/ostrowskatv.pl\/index.php?rest_route=\/wp\/v2\/media\/17022"}],"wp:attachment":[{"href":"https:\/\/ostrowskatv.pl\/index.php?rest_route=%2Fwp%2Fv2%2Fmedia&parent=17017"}],"wp:term":[{"taxonomy":"category","embeddable":true,"href":"https:\/\/ostrowskatv.pl\/index.php?rest_route=%2Fwp%2Fv2%2Fcategories&post=17017"},{"taxonomy":"post_tag","embeddable":true,"href":"https:\/\/ostrowskatv.pl\/index.php?rest_route=%2Fwp%2Fv2%2Ftags&post=17017"}],"curies":[{"name":"wp","href":"https:\/\/api.w.org\/{rel}","templated":true}]}}