{"id":17006,"date":"2021-11-23T11:04:22","date_gmt":"2021-11-23T10:04:22","guid":{"rendered":"https:\/\/ostrowskatv.pl\/?p=17006"},"modified":"2021-11-23T11:04:22","modified_gmt":"2021-11-23T10:04:22","slug":"wypadek-w-sobotce-ladowal-lpr","status":"publish","type":"post","link":"https:\/\/ostrowskatv.pl\/?p=17006","title":{"rendered":"Wypadek w Sob\u00f3tce. L\u0105dowa\u0142 LPR"},"content":{"rendered":"<p><strong>Na drodze krajowej nr 11 w miejscowo\u015bci Sob\u00f3tka zderzy\u0142y si\u0119 2 auta osobowe. 1 osoba by\u0142a zakleszczona. Do wypadku dosz\u0142o chwil\u0119 przed godzin\u0105 10.<\/strong><\/p>\n<p>Ze wst\u0119pnych ustale\u0144 wynika, \u017ce oko\u0142o 48-letnia kobieta wymusi\u0142a pierwsze\u0144stwo jad\u0105c skod\u0105. Uderzy\u0142a w prawid\u0142owo jad\u0105cego mercedesa, kt\u00f3rym podr\u00f3\u017cowa\u0142y dwie osoby.<\/p>\n<p>Sprawczyni zosta\u0142a mocniej poszkodowana. Stra\u017cacy u\u017cyli sprz\u0119tu hydraulicznego do jej ewakuacji z uszkodzonego auta. Na miejscu wyl\u0105dowa\u0142 \u015bmig\u0142owiec LPR. Kobiet\u0119 na noszach przetransportowano do helikoptera, kt\u00f3ry przetransportowa\u0142 j\u0105 do ostrowskiego szpitala.<\/p>\n<p>Osoby z mercedesa nie odnios\u0142y powa\u017cniejszych obra\u017ce\u0144.<\/p>\n<p>Ruch przez chwil\u0119 zosta\u0142 zablokowany, a obecnie odbywa si\u0119 wahad\u0142owo.<\/p>\n<p><img loading=\"lazy\" decoding=\"async\" class=\"alignnone size-full wp-image-17008\" src=\"https:\/\/ostrowskatv.pl\/wp-content\/uploads\/2021\/11\/20211123_100042-01.jpeg\" alt=\"\" width=\"1366\" height=\"1025\" srcset=\"https:\/\/ostrowskatv.pl\/wp-content\/uploads\/2021\/11\/20211123_100042-01.jpeg 1366w, https:\/\/ostrowskatv.pl\/wp-content\/uploads\/2021\/11\/20211123_100042-01-300x225.jpeg 300w, https:\/\/ostrowskatv.pl\/wp-content\/uploads\/2021\/11\/20211123_100042-01-480x360.jpeg 480w\" sizes=\"auto, (max-width: 1366px) 100vw, 1366px\" \/> <img loading=\"lazy\" decoding=\"async\" class=\"alignnone size-full wp-image-17009\" src=\"https:\/\/ostrowskatv.pl\/wp-content\/uploads\/2021\/11\/20211123_100052-01.jpeg\" alt=\"\" width=\"1366\" height=\"1025\" srcset=\"https:\/\/ostrowskatv.pl\/wp-content\/uploads\/2021\/11\/20211123_100052-01.jpeg 1366w, https:\/\/ostrowskatv.pl\/wp-content\/uploads\/2021\/11\/20211123_100052-01-300x225.jpeg 300w, https:\/\/ostrowskatv.pl\/wp-content\/uploads\/2021\/11\/20211123_100052-01-480x360.jpeg 480w\" sizes=\"auto, (max-width: 1366px) 100vw, 1366px\" \/> <img loading=\"lazy\" decoding=\"async\" class=\"alignnone size-full wp-image-17010\" src=\"https:\/\/ostrowskatv.pl\/wp-content\/uploads\/2021\/11\/20211123_100107-01.jpeg\" alt=\"\" width=\"1366\" height=\"1025\" srcset=\"https:\/\/ostrowskatv.pl\/wp-content\/uploads\/2021\/11\/20211123_100107-01.jpeg 1366w, https:\/\/ostrowskatv.pl\/wp-content\/uploads\/2021\/11\/20211123_100107-01-300x225.jpeg 300w, https:\/\/ostrowskatv.pl\/wp-content\/uploads\/2021\/11\/20211123_100107-01-480x360.jpeg 480w\" sizes=\"auto, (max-width: 1366px) 100vw, 1366px\" \/> <img loading=\"lazy\" decoding=\"async\" class=\"alignnone size-full wp-image-17011\" src=\"https:\/\/ostrowskatv.pl\/wp-content\/uploads\/2021\/11\/20211123_100117-01.jpeg\" alt=\"\" width=\"1366\" height=\"1025\" srcset=\"https:\/\/ostrowskatv.pl\/wp-content\/uploads\/2021\/11\/20211123_100117-01.jpeg 1366w, https:\/\/ostrowskatv.pl\/wp-content\/uploads\/2021\/11\/20211123_100117-01-300x225.jpeg 300w, https:\/\/ostrowskatv.pl\/wp-content\/uploads\/2021\/11\/20211123_100117-01-480x360.jpeg 480w\" sizes=\"auto, (max-width: 1366px) 100vw, 1366px\" \/> <img loading=\"lazy\" decoding=\"async\" class=\"alignnone size-full wp-image-17013\" src=\"https:\/\/ostrowskatv.pl\/wp-content\/uploads\/2021\/11\/20211123_100239-01.jpeg\" alt=\"\" width=\"1366\" height=\"1025\" srcset=\"https:\/\/ostrowskatv.pl\/wp-content\/uploads\/2021\/11\/20211123_100239-01.jpeg 1366w, https:\/\/ostrowskatv.pl\/wp-content\/uploads\/2021\/11\/20211123_100239-01-300x225.jpeg 300w, https:\/\/ostrowskatv.pl\/wp-content\/uploads\/2021\/11\/20211123_100239-01-480x360.jpeg 480w\" sizes=\"auto, (max-width: 1366px) 100vw, 1366px\" \/> <img loading=\"lazy\" decoding=\"async\" class=\"alignnone size-full wp-image-17014\" src=\"https:\/\/ostrowskatv.pl\/wp-content\/uploads\/2021\/11\/20211123_100147-01.jpeg\" alt=\"\" width=\"1366\" height=\"1025\" srcset=\"https:\/\/ostrowskatv.pl\/wp-content\/uploads\/2021\/11\/20211123_100147-01.jpeg 1366w, https:\/\/ostrowskatv.pl\/wp-content\/uploads\/2021\/11\/20211123_100147-01-300x225.jpeg 300w, https:\/\/ostrowskatv.pl\/wp-content\/uploads\/2021\/11\/20211123_100147-01-480x360.jpeg 480w\" sizes=\"auto, (max-width: 1366px) 100vw, 1366px\" \/><\/p>\n","protected":false},"excerpt":{"rendered":"Na drodze krajowej nr 11 w miejscowo\u015bci Sob\u00f3tka zderzy\u0142y si\u0119 2 auta osobowe. 1 osoba by\u0142a zakleszczona. Do wypadku dosz\u0142o chwil\u0119 przed godzin\u0105 \n<a class=\"moretag\" href=\"https:\/\/ostrowskatv.pl\/?p=17006\"> [...]<\/a>","protected":false},"author":1,"featured_media":17013,"comment_status":"open","ping_status":"closed","sticky":false,"template":"","format":"standard","meta":{"footnotes":""},"categories":[1],"tags":[11],"class_list":["post-17006","post","type-post","status-publish","format-standard","has-post-thumbnail","hentry","category-news","tag-wypadek"],"_links":{"self":[{"href":"https:\/\/ostrowskatv.pl\/index.php?rest_route=\/wp\/v2\/posts\/17006","targetHints":{"allow":["GET"]}}],"collection":[{"href":"https:\/\/ostrowskatv.pl\/index.php?rest_route=\/wp\/v2\/posts"}],"about":[{"href":"https:\/\/ostrowskatv.pl\/index.php?rest_route=\/wp\/v2\/types\/post"}],"author":[{"embeddable":true,"href":"https:\/\/ostrowskatv.pl\/index.php?rest_route=\/wp\/v2\/users\/1"}],"replies":[{"embeddable":true,"href":"https:\/\/ostrowskatv.pl\/index.php?rest_route=%2Fwp%2Fv2%2Fcomments&post=17006"}],"version-history":[{"count":0,"href":"https:\/\/ostrowskatv.pl\/index.php?rest_route=\/wp\/v2\/posts\/17006\/revisions"}],"wp:featuredmedia":[{"embeddable":true,"href":"https:\/\/ostrowskatv.pl\/index.php?rest_route=\/wp\/v2\/media\/17013"}],"wp:attachment":[{"href":"https:\/\/ostrowskatv.pl\/index.php?rest_route=%2Fwp%2Fv2%2Fmedia&parent=17006"}],"wp:term":[{"taxonomy":"category","embeddable":true,"href":"https:\/\/ostrowskatv.pl\/index.php?rest_route=%2Fwp%2Fv2%2Fcategories&post=17006"},{"taxonomy":"post_tag","embeddable":true,"href":"https:\/\/ostrowskatv.pl\/index.php?rest_route=%2Fwp%2Fv2%2Ftags&post=17006"}],"curies":[{"name":"wp","href":"https:\/\/api.w.org\/{rel}","templated":true}]}}