{"id":170,"date":"2016-01-13T13:58:15","date_gmt":"2016-01-13T12:58:15","guid":{"rendered":"http:\/\/ostrowska.tv\/?p=170"},"modified":"2016-01-13T13:58:15","modified_gmt":"2016-01-13T12:58:15","slug":"urbaniak-probuje-bronic-awansu-marleny-malag","status":"publish","type":"post","link":"https:\/\/ostrowskatv.pl\/?p=170","title":{"rendered":"Urbaniak pr\u00f3buje broni\u0107 awansu Marleny Mal\u0105g"},"content":{"rendered":"<p><strong>By\u0142y prezydent Ostrowa Wielkopolskiego stoi murem za Marlen\u0105 Mal\u0105g. Jaros\u0142aw Urbaniak najwyra\u017aniej nie chce pami\u0119ta\u0107 o niekt\u00f3rych wydarzeniach zwi\u0105zanych swojego by\u0142ego zast\u0119pcy.<\/strong><\/p>\n<p>Przypomnijmy, \u017ce Mal\u0105g (do niedawna by\u0142a wicestarost\u0105 ostrowskim) zosta\u0142a wicewojewod\u0105 wielkopolskim. Nominacja podpisana przez premier Beat\u0119 Szyd\u0142o wzbudzi\u0142a wiele kontrowersji.<\/p>\n<p>By\u0142ej zast\u0119pcy Jaros\u0142awa Urbaniaka ca\u0142y czas pami\u0119ta si\u0119, \u017ce za jego kadencji wzi\u0119\u0142a 12 tysi\u0119cy \u201cnagrody\u201d za rzekom\u0105 pomoc osobom podr\u00f3\u017cuj\u0105cym PKP, kt\u00f3rzy zmuszeni byli sp\u0119dzi\u0107 d\u0142ugie godziny na ostrowskim dworcu. Marlena Mal\u0105g poproszona o interwencj\u0119, odm\u00f3wi\u0142a, poniewa\u017c przed domem mia\u0142a \u015blisko, a poza tym jej zdaniem powinno si\u0119 tym zaj\u0105\u0107 PKP.<\/p>\n<p>By\u0142y prezydent Ostrowa najwyra\u017aniej nie chce jednak o tym pami\u0119ta\u0107, bo o awansie dla swojej wsp\u00f3\u0142pracownicy m\u00f3wi tak: &#8222;Moja ocena jest s\u0142odko \u2013 gorzka. Z jednej strony dla Ostrowa i jego mieszka\u0144c\u00f3w sta\u0142o si\u0119 dobrze, \u017ce tak wa\u017cn\u0105 funkcj\u0119 b\u0119dzie sprawowa\u0107 kto\u015b z naszego miasta. Niew\u0105tpliwie jednak m\u00f3wimy o du\u017cej stracie. Kolejna bardzo warto\u015bciowa osoba opuszcza Ostr\u00f3w Wielkopolski i nie b\u0119dzie dzia\u0142a\u0107 ju\u017c u nas na miejscu. Akurat ja mog\u0119 troch\u0119 powiedzie\u0107 o tym, jakim jest ona fachowcem. Uwa\u017cam, \u017ce jednym z najlepszych w mie\u015bcie \u2013 przekonuje Jaros\u0142aw Urbaniak.<\/p>\n<p>Ciekawostk\u0119 stanowi r\u00f3wnie\u017c fakt, \u017ce Jaros\u0142aw Urbaniak i Marlena Mal\u0105g pochodz\u0105 z dw\u00f3ch r\u00f3\u017cnych oboz\u00f3w politycznych, kt\u00f3re na co dzie\u0144 prowadz\u0105 ze sob\u0105 wojn\u0119 w og\u00f3lnopolskich mediach. By\u0142y prezydent Ostrowa to polityk Platformy Obywatelskiej. Jego zast\u0119pczyni nale\u017cy natomiast do Prawa i Sprawiedliwo\u015bci. Obie te partie, mimo r\u00f3\u017cnic na forum og\u00f3lnopolskim, potrafi\u0142y si\u0119 jednak dogada\u0107 w naszym mie\u015bcie, \u017ceby sprawowa\u0107 w\u0142adz\u0119. W rezultacie w mie\u015bcie i powiecie zosta\u0142a zawi\u0105zana koalicja, w ramach kt\u00f3rej dosz\u0142o do odpowiedniego podzia\u0142u stanowisk. Prezydent i starosta pochodzili z Platformy Obywatelskiej (Jaros\u0142aw Urbaniak i Pawe\u0142 Rajski), a zast\u0119pca prezydenta i wicestarosta byli reprezentantami Prawa i Sprawiedliwo\u015bci (Marlena Mal\u0105g i Tomasz \u0141awniczak). W zwi\u0105zku z tym ciep\u0142e s\u0142owa Jaros\u0142awa Urbaniaka pod adresem Marleny Mal\u0105g nie powinny nikogo dziwi\u0107.<\/p>\n","protected":false},"excerpt":{"rendered":"By\u0142y prezydent Ostrowa Wielkopolskiego stoi murem za Marlen\u0105 Mal\u0105g. Jaros\u0142aw Urbaniak najwyra\u017aniej nie chce pami\u0119ta\u0107 o niekt\u00f3rych wydarzeniach zwi\u0105zanych swojego by\u0142ego zast\u0119pcy. Przypomnijmy, \n<a class=\"moretag\" href=\"https:\/\/ostrowskatv.pl\/?p=170\"> [...]<\/a>","protected":false},"author":1,"featured_media":171,"comment_status":"open","ping_status":"open","sticky":false,"template":"","format":"standard","meta":{"footnotes":""},"categories":[1],"tags":[24],"class_list":["post-170","post","type-post","status-publish","format-standard","has-post-thumbnail","hentry","category-news","tag-polityka"],"_links":{"self":[{"href":"https:\/\/ostrowskatv.pl\/index.php?rest_route=\/wp\/v2\/posts\/170","targetHints":{"allow":["GET"]}}],"collection":[{"href":"https:\/\/ostrowskatv.pl\/index.php?rest_route=\/wp\/v2\/posts"}],"about":[{"href":"https:\/\/ostrowskatv.pl\/index.php?rest_route=\/wp\/v2\/types\/post"}],"author":[{"embeddable":true,"href":"https:\/\/ostrowskatv.pl\/index.php?rest_route=\/wp\/v2\/users\/1"}],"replies":[{"embeddable":true,"href":"https:\/\/ostrowskatv.pl\/index.php?rest_route=%2Fwp%2Fv2%2Fcomments&post=170"}],"version-history":[{"count":0,"href":"https:\/\/ostrowskatv.pl\/index.php?rest_route=\/wp\/v2\/posts\/170\/revisions"}],"wp:featuredmedia":[{"embeddable":true,"href":"https:\/\/ostrowskatv.pl\/index.php?rest_route=\/wp\/v2\/media\/171"}],"wp:attachment":[{"href":"https:\/\/ostrowskatv.pl\/index.php?rest_route=%2Fwp%2Fv2%2Fmedia&parent=170"}],"wp:term":[{"taxonomy":"category","embeddable":true,"href":"https:\/\/ostrowskatv.pl\/index.php?rest_route=%2Fwp%2Fv2%2Fcategories&post=170"},{"taxonomy":"post_tag","embeddable":true,"href":"https:\/\/ostrowskatv.pl\/index.php?rest_route=%2Fwp%2Fv2%2Ftags&post=170"}],"curies":[{"name":"wp","href":"https:\/\/api.w.org\/{rel}","templated":true}]}}