{"id":1699,"date":"2016-06-21T18:03:50","date_gmt":"2016-06-21T17:03:50","guid":{"rendered":"http:\/\/ostrowska.tv\/?p=1699"},"modified":"2016-06-21T19:12:41","modified_gmt":"2016-06-21T18:12:41","slug":"pis-zniszczy-orliki-senator-zaprzecza","status":"publish","type":"post","link":"https:\/\/ostrowskatv.pl\/?p=1699","title":{"rendered":"PiS zniszczy orliki? Senator zaprzecza"},"content":{"rendered":"<p><strong>Gazeta Wyborcza twierdzi, \u017ce PiS chce popsu\u0107 program dotycz\u0105cych orlik\u00f3w. W\u0142adza mia\u0142a wyrzuci\u0107 stary projekt do kosza, a nowy ma kompletnie nie funkcjonowa\u0107. Na te zarzuty odpowiedzia\u0142 senator \u0141ukasz Miko\u0142ajczyk.<\/strong><\/p>\n<p>W artykule gazety mo\u017cna przeczyta\u0107, \u017ce PiS wymieni\u0142 kierownictwo Fundacji Rozwoju Kultury Fizycznej, kt\u00f3ra sprawuje nadz\u00f3r nad orlikami. Poza tym, mia\u0142o doj\u015b\u0107 do odrzucenia programu \u201eNasz Orlik\u201d i wprowadzenia w\u0142asnego. To wszystko w konsekwencji mia\u0142o z kolei doprowadzi\u0107 do wielkich problem\u00f3w &#8211; mi\u0119dzy innymi z animatorami. Jak twierdzi Gazeta Wyborcza, ci przestali otrzymywa\u0107 pieni\u0105dze za swoj\u0105 prace.<\/p>\n<p>Orliki funkcjonuj\u0105 tak\u017ce w Ostrowie Wielkopolskim. To miejsce aktywno\u015bci fizycznej wielu mieszka\u0144c\u00f3w naszego miasta. Postanowili\u015bmy zatem dotrze\u0107 do \u017ar\u00f3d\u0142a i zapyta\u0107 o ca\u0142\u0105 spraw\u0119 senatora z ramienia Prawa i Sprawiedliwo\u015bci \u0141ukasza Miko\u0142ajczyka. Ten mia\u0142 do powiedzenia sporo, bo by\u0142 \u015bwie\u017co po spotkaniu z Ministrem Sportu.<\/p>\n<blockquote><p>&#8211; W tej kadencji przeznaczamy bardzo du\u017ce \u015brodki na sport. Rozmawiali\u015bmy o wielu programach, kt\u00f3re b\u0119d\u0105 realizowane. Pojawi\u0105 si\u0119 tak\u017ce nowe projekty, kt\u00f3re zamierzamy wdro\u017cy\u0107. Chcemy upowszechnia\u0107 sport, szczeg\u00f3lnie w\u015br\u00f3d dzieci i m\u0142odzie\u017cy. Orliki by\u0142y, s\u0105 i b\u0119d\u0105. To bardzo wa\u017cny element ka\u017cdej miejscowo\u015bci. Doskonale wiemy, \u017ce pierwsze szlify zbieraj\u0105 tam pi\u0142karze, koszykarze i inni sportowcy. Dementuj\u0119 informacj\u0119, \u017ce na ten cel zabraknie \u015brodk\u00f3w. One ju\u017c zosta\u0142y zabezpieczone. Przej\u0119\u0142a je Fundacja Rozwoju Kultury Fizycznej. Rozmawia\u0142em ju\u017c z lokalnymi animatorami w Ostrowie Wielkopolskim i wiem, \u017ce pieni\u0105dze zosta\u0142y wyp\u0142acone \u2013 wyja\u015bnia Miko\u0142ajczyk.<\/p><\/blockquote>\n<p>Senator zapewnia, \u017ce orliki b\u0119d\u0105 funkcjonowa\u0107 tak samo jak do tej pory. &#8211; Chcemy, \u017ceby by\u0142y wykorzystywane tak jak do tej pory, czyli przez siedem dni w tygodniu. Po\u0142o\u017cymy bardzo du\u017cy nacisk na to, \u017ceby zaj\u0119\u0107 sportowych i animacji by\u0142o jeszcze wi\u0119cej. W okresie wakacji te obiekty maj\u0105 by\u0107 r\u00f3wnie\u017c wykorzystywane do r\u00f3\u017cnych zaj\u0119\u0107 sportowo \u2013 ruchowych. Chcemy przyci\u0105gn\u0105\u0107 jak najwi\u0119cej dzieci na boiska i odci\u0105gn\u0105\u0107 je tym samym od komputera czy telewizora. Stawiamy na sport \u2013 dodaje Miko\u0142ajczyk.<\/p>\n<div style=\"width: 640px;\" class=\"wp-video\"><video class=\"wp-video-shortcode\" id=\"video-1699-1\" width=\"640\" height=\"360\" preload=\"metadata\" controls=\"controls\"><source type=\"video\/mp4\" src=\"http:\/\/ostrowska.tv\/wp-content\/uploads\/2016\/06\/orliki-senator.mp4?_=1\" \/><a href=\"http:\/\/ostrowska.tv\/wp-content\/uploads\/2016\/06\/orliki-senator.mp4\">http:\/\/ostrowska.tv\/wp-content\/uploads\/2016\/06\/orliki-senator.mp4<\/a><\/video><\/div>\n","protected":false},"excerpt":{"rendered":"Gazeta Wyborcza twierdzi, \u017ce PiS chce popsu\u0107 program dotycz\u0105cych orlik\u00f3w. W\u0142adza mia\u0142a wyrzuci\u0107 stary projekt do kosza, a nowy ma kompletnie nie funkcjonowa\u0107. \n<a class=\"moretag\" href=\"https:\/\/ostrowskatv.pl\/?p=1699\"> [...]<\/a>","protected":false},"author":1,"featured_media":1700,"comment_status":"open","ping_status":"open","sticky":false,"template":"","format":"standard","meta":{"footnotes":""},"categories":[1],"tags":[2],"class_list":["post-1699","post","type-post","status-publish","format-standard","has-post-thumbnail","hentry","category-news","tag-ostrow-wielkopolski"],"_links":{"self":[{"href":"https:\/\/ostrowskatv.pl\/index.php?rest_route=\/wp\/v2\/posts\/1699","targetHints":{"allow":["GET"]}}],"collection":[{"href":"https:\/\/ostrowskatv.pl\/index.php?rest_route=\/wp\/v2\/posts"}],"about":[{"href":"https:\/\/ostrowskatv.pl\/index.php?rest_route=\/wp\/v2\/types\/post"}],"author":[{"embeddable":true,"href":"https:\/\/ostrowskatv.pl\/index.php?rest_route=\/wp\/v2\/users\/1"}],"replies":[{"embeddable":true,"href":"https:\/\/ostrowskatv.pl\/index.php?rest_route=%2Fwp%2Fv2%2Fcomments&post=1699"}],"version-history":[{"count":0,"href":"https:\/\/ostrowskatv.pl\/index.php?rest_route=\/wp\/v2\/posts\/1699\/revisions"}],"wp:featuredmedia":[{"embeddable":true,"href":"https:\/\/ostrowskatv.pl\/index.php?rest_route=\/wp\/v2\/media\/1700"}],"wp:attachment":[{"href":"https:\/\/ostrowskatv.pl\/index.php?rest_route=%2Fwp%2Fv2%2Fmedia&parent=1699"}],"wp:term":[{"taxonomy":"category","embeddable":true,"href":"https:\/\/ostrowskatv.pl\/index.php?rest_route=%2Fwp%2Fv2%2Fcategories&post=1699"},{"taxonomy":"post_tag","embeddable":true,"href":"https:\/\/ostrowskatv.pl\/index.php?rest_route=%2Fwp%2Fv2%2Ftags&post=1699"}],"curies":[{"name":"wp","href":"https:\/\/api.w.org\/{rel}","templated":true}]}}