{"id":1695,"date":"2016-06-21T17:47:28","date_gmt":"2016-06-21T16:47:28","guid":{"rendered":"http:\/\/ostrowska.tv\/?p=1695"},"modified":"2016-06-21T17:47:59","modified_gmt":"2016-06-21T16:47:59","slug":"udowodnili-cos-przeciwnikom-rzzo-otwarte","status":"publish","type":"post","link":"https:\/\/ostrowskatv.pl\/?p=1695","title":{"rendered":"Udowodnili co\u015b przeciwnikom. RZZO otwarte!"},"content":{"rendered":"<p><strong>Regionalny Zak\u0142ad Zagospodarowania Odpad\u00f3w w Ostrowie Wielkopolskim zosta\u0142 oficjalnie otwarty. W\u0142adze miasta m\u00f3wi\u0105 o wielkim sukcesie, kt\u00f3ry uda\u0142o si\u0119 osi\u0105gn\u0105\u0107 mimo nieprzychylnych komentarzy medi\u00f3w i innych os\u00f3b.<\/strong><\/p>\n<p>Sceptyk\u00f3w dotycz\u0105cych RZZO w naszym mie\u015bcie rzeczywi\u015bcie nie brakowa\u0142o. Bez trudu mo\u017cna przywo\u0142a\u0107 artyku\u0142y prasowe, w kt\u00f3rych pojawia\u0142y si\u0119 sugestie, \u017ce inwestycja jest zagro\u017cona. Ostr\u00f3w Wielkopolski mia\u0142o z tego tytu\u0142u spotka\u0144 wiele nieprzyjemno\u015bci. Przypomnia\u0142a o nich tak\u017ce Beata Klimek. &#8211; To dzie\u0144, w kt\u00f3rym mo\u017cemy powiedzie\u0107, \u017ce si\u0119 uda\u0142o. Zrobili\u015bmy to, cho\u0107 jeszcze kilka miesi\u0119cy temu nie wszyscy chcieli wierzy\u0107 w pozytywny fina\u0142 tego projektu. Cz\u0119\u015b\u0107 os\u00f3b, a za nimi niekt\u00f3re media sugerowa\u0142y nawet, \u017ce rozbudowa RZZO jest zagro\u017cona i miasto mo\u017ce nie wywi\u0105za\u0107 si\u0119 z warunk\u00f3w projektu. Mia\u0142a by\u0107 gro\u017aba oddania pieni\u0119dzy i wo\u017cenia odpad\u00f3w do K\u0119pna. Przez to wszystko ostrowianie mieli zap\u0142aci\u0107 za ich odbi\u00f3r bajo\u0144skie sumy. Katastroficzne wizje by\u0142y, ale nic takiego si\u0119 nie wydarzy\u0142o \u2013 m\u00f3wi\u0142a prezydent Ostrowa Wielkopolskiego.<\/p>\n<p>Projekt rozpocz\u0105\u0142 si\u0119 jeszcze w po\u0142owie poprzedniej kadencji. Beata Klimek zwr\u00f3ci\u0142a jednak uwag\u0119, \u017ce jego rzeczowa realizacja przypad\u0142a na lata 2015 \u2013 2016. Podpisanie umowy z wykonawc\u0105 nast\u0105pi\u0142o 23 lutego 2015 roku. Oko\u0142o trzy miesi\u0105ce p\u00f3\u017aniej teren budowy zosta\u0142 przekazany firmie Budimex. Roboty budowlane zako\u0144czy\u0142y si\u0119 22 grudnia ubieg\u0142ego roku. P\u00f3\u017aniej sp\u00f3\u0142ka RZZO otrzyma\u0142a pozwolenie zintegrowane.<\/p>\n<p>Rozbudowa by\u0142a wsp\u00f3\u0142finansowana z funduszy Unii Europejskiej. Ca\u0142a inwestycja by\u0142a szacowana na ponad 36 milion\u00f3w z\u0142otych. Blisko 11 milion\u00f3w uda\u0142o si\u0119 pozyska\u0107 z programu operacyjnego &#8222;Infrastruktura i \u015arodowisko&#8221;. RZZO ma teraz pos\u0142u\u017cy\u0107 nie tylko mieszka\u0144com Ostrowa, ale tak\u017ce okolicznych gmin i doprowadzi\u0107 mi\u0119dzy innymi do redukcji sk\u0142adowanych odpad\u00f3w, zwi\u0119kszenia ilo\u015bci surowc\u00f3w wt\u00f3rnych o warto\u015bci handlowej czy do dalszej automatyzacji procesu segregacji odpad\u00f3w.<\/p>\n","protected":false},"excerpt":{"rendered":"Regionalny Zak\u0142ad Zagospodarowania Odpad\u00f3w w Ostrowie Wielkopolskim zosta\u0142 oficjalnie otwarty. W\u0142adze miasta m\u00f3wi\u0105 o wielkim sukcesie, kt\u00f3ry uda\u0142o si\u0119 osi\u0105gn\u0105\u0107 mimo nieprzychylnych komentarzy \n<a class=\"moretag\" href=\"https:\/\/ostrowskatv.pl\/?p=1695\"> [...]<\/a>","protected":false},"author":1,"featured_media":1696,"comment_status":"open","ping_status":"open","sticky":false,"template":"","format":"standard","meta":{"footnotes":""},"categories":[1],"tags":[2],"class_list":["post-1695","post","type-post","status-publish","format-standard","has-post-thumbnail","hentry","category-news","tag-ostrow-wielkopolski"],"_links":{"self":[{"href":"https:\/\/ostrowskatv.pl\/index.php?rest_route=\/wp\/v2\/posts\/1695","targetHints":{"allow":["GET"]}}],"collection":[{"href":"https:\/\/ostrowskatv.pl\/index.php?rest_route=\/wp\/v2\/posts"}],"about":[{"href":"https:\/\/ostrowskatv.pl\/index.php?rest_route=\/wp\/v2\/types\/post"}],"author":[{"embeddable":true,"href":"https:\/\/ostrowskatv.pl\/index.php?rest_route=\/wp\/v2\/users\/1"}],"replies":[{"embeddable":true,"href":"https:\/\/ostrowskatv.pl\/index.php?rest_route=%2Fwp%2Fv2%2Fcomments&post=1695"}],"version-history":[{"count":0,"href":"https:\/\/ostrowskatv.pl\/index.php?rest_route=\/wp\/v2\/posts\/1695\/revisions"}],"wp:featuredmedia":[{"embeddable":true,"href":"https:\/\/ostrowskatv.pl\/index.php?rest_route=\/wp\/v2\/media\/1696"}],"wp:attachment":[{"href":"https:\/\/ostrowskatv.pl\/index.php?rest_route=%2Fwp%2Fv2%2Fmedia&parent=1695"}],"wp:term":[{"taxonomy":"category","embeddable":true,"href":"https:\/\/ostrowskatv.pl\/index.php?rest_route=%2Fwp%2Fv2%2Fcategories&post=1695"},{"taxonomy":"post_tag","embeddable":true,"href":"https:\/\/ostrowskatv.pl\/index.php?rest_route=%2Fwp%2Fv2%2Ftags&post=1695"}],"curies":[{"name":"wp","href":"https:\/\/api.w.org\/{rel}","templated":true}]}}