{"id":16903,"date":"2021-11-16T09:09:24","date_gmt":"2021-11-16T08:09:24","guid":{"rendered":"https:\/\/ostrowskatv.pl\/?p=16903"},"modified":"2021-11-16T09:41:51","modified_gmt":"2021-11-16T08:41:51","slug":"sasiad-zamordowal-sasiadke","status":"publish","type":"post","link":"https:\/\/ostrowskatv.pl\/?p=16903","title":{"rendered":"S\u0105siad zamordowa\u0142 s\u0105siadk\u0119"},"content":{"rendered":"<p><strong>Po godzinie 8 rano dosz\u0142o do morderstwa w Nowych Skalmierzycach. W budynku parterowym przy ulicy Polnej 17 s\u0105siad zamordowa\u0142 s\u0105siadk\u0119.<\/strong><\/p>\n<p>M\u0119\u017cczyzna wszed\u0142 do \u015brodka i zamkn\u0105\u0142 drzwi. Pozostali mieszka\u0144cy us\u0142yszeli krzyki. Nastolatki pr\u00f3bowa\u0142y wybi\u0107 szyb\u0119 i dosta\u0107 si\u0119 do \u015brodka. Nie uda\u0142o im si\u0119 to.<\/p>\n<p>Po chwili domniemany sprawca ugodzi\u0142 si\u0119 prawdopodobnie no\u017cem w brzuch. Na miejsce skierowano kilka patroli policji. W \u015brodku znaleziono cia\u0142o kobiety, a m\u0119\u017cczyzn\u0119 przekazano za\u0142odze karetki pogotowia ratunkowego.<\/p>\n<p>Wed\u0142ug pozosta\u0142ych s\u0105siad\u00f3w kobieta mia\u0142a 56 lat i by\u0142a pogodn\u0105 kobiet\u0105. Motywem mia\u0142y by\u0107 sprawy mi\u0142osne.<\/p>\n<p>Sprawc\u0105 jest osoba g\u0142uchoniema.<\/p>\n<p><img loading=\"lazy\" decoding=\"async\" class=\"alignnone size-medium wp-image-16916\" src=\"https:\/\/ostrowskatv.pl\/wp-content\/uploads\/2021\/11\/20211116_092713-02-300x181.jpeg\" alt=\"\" width=\"300\" height=\"181\" srcset=\"https:\/\/ostrowskatv.pl\/wp-content\/uploads\/2021\/11\/20211116_092713-02-300x181.jpeg 300w, https:\/\/ostrowskatv.pl\/wp-content\/uploads\/2021\/11\/20211116_092713-02-597x360.jpeg 597w, https:\/\/ostrowskatv.pl\/wp-content\/uploads\/2021\/11\/20211116_092713-02.jpeg 1366w\" sizes=\"auto, (max-width: 300px) 100vw, 300px\" \/><\/p>\n<p><img loading=\"lazy\" decoding=\"async\" class=\"alignnone size-medium wp-image-16917\" src=\"https:\/\/ostrowskatv.pl\/wp-content\/uploads\/2021\/11\/VID-20211116-WA0006_exported_6590-01-300x176.jpeg\" alt=\"\" width=\"300\" height=\"176\" srcset=\"https:\/\/ostrowskatv.pl\/wp-content\/uploads\/2021\/11\/VID-20211116-WA0006_exported_6590-01-300x176.jpeg 300w, https:\/\/ostrowskatv.pl\/wp-content\/uploads\/2021\/11\/VID-20211116-WA0006_exported_6590-01.jpeg 403w\" sizes=\"auto, (max-width: 300px) 100vw, 300px\" \/><\/p>\n<p><img loading=\"lazy\" decoding=\"async\" class=\"alignnone size-medium wp-image-16904\" src=\"https:\/\/ostrowskatv.pl\/wp-content\/uploads\/2021\/11\/20211116_090135-01-300x184.jpeg\" alt=\"\" width=\"300\" height=\"184\" srcset=\"https:\/\/ostrowskatv.pl\/wp-content\/uploads\/2021\/11\/20211116_090135-01-300x184.jpeg 300w, https:\/\/ostrowskatv.pl\/wp-content\/uploads\/2021\/11\/20211116_090135-01-588x360.jpeg 588w, https:\/\/ostrowskatv.pl\/wp-content\/uploads\/2021\/11\/20211116_090135-01.jpeg 1366w\" sizes=\"auto, (max-width: 300px) 100vw, 300px\" \/><\/p>\n<p><img loading=\"lazy\" decoding=\"async\" class=\"alignnone size-medium wp-image-16905\" src=\"https:\/\/ostrowskatv.pl\/wp-content\/uploads\/2021\/11\/Screenshot_20211116-085853_WhatsApp-01-300x295.jpeg\" alt=\"\" width=\"300\" height=\"295\" srcset=\"https:\/\/ostrowskatv.pl\/wp-content\/uploads\/2021\/11\/Screenshot_20211116-085853_WhatsApp-01-300x295.jpeg 300w, https:\/\/ostrowskatv.pl\/wp-content\/uploads\/2021\/11\/Screenshot_20211116-085853_WhatsApp-01-366x360.jpeg 366w, https:\/\/ostrowskatv.pl\/wp-content\/uploads\/2021\/11\/Screenshot_20211116-085853_WhatsApp-01.jpeg 1080w\" sizes=\"auto, (max-width: 300px) 100vw, 300px\" \/><\/p>\n<p><img loading=\"lazy\" decoding=\"async\" class=\"alignnone size-medium wp-image-16906\" src=\"https:\/\/ostrowskatv.pl\/wp-content\/uploads\/2021\/11\/20211116_084815-01-300x225.jpeg\" alt=\"\" width=\"300\" height=\"225\" srcset=\"https:\/\/ostrowskatv.pl\/wp-content\/uploads\/2021\/11\/20211116_084815-01-300x225.jpeg 300w, https:\/\/ostrowskatv.pl\/wp-content\/uploads\/2021\/11\/20211116_084815-01-480x360.jpeg 480w, https:\/\/ostrowskatv.pl\/wp-content\/uploads\/2021\/11\/20211116_084815-01.jpeg 1366w\" sizes=\"auto, (max-width: 300px) 100vw, 300px\" \/><\/p>\n<p><img loading=\"lazy\" decoding=\"async\" class=\"alignnone size-medium wp-image-16907\" src=\"https:\/\/ostrowskatv.pl\/wp-content\/uploads\/2021\/11\/20211116_085223-01-300x225.jpeg\" alt=\"\" width=\"300\" height=\"225\" srcset=\"https:\/\/ostrowskatv.pl\/wp-content\/uploads\/2021\/11\/20211116_085223-01-300x225.jpeg 300w, https:\/\/ostrowskatv.pl\/wp-content\/uploads\/2021\/11\/20211116_085223-01-480x360.jpeg 480w, https:\/\/ostrowskatv.pl\/wp-content\/uploads\/2021\/11\/20211116_085223-01.jpeg 1366w\" sizes=\"auto, (max-width: 300px) 100vw, 300px\" \/><\/p>\n<p><img loading=\"lazy\" decoding=\"async\" class=\"alignnone size-medium wp-image-16908\" src=\"https:\/\/ostrowskatv.pl\/wp-content\/uploads\/2021\/11\/20211116_085235-01-300x225.jpeg\" alt=\"\" width=\"300\" height=\"225\" srcset=\"https:\/\/ostrowskatv.pl\/wp-content\/uploads\/2021\/11\/20211116_085235-01-300x225.jpeg 300w, https:\/\/ostrowskatv.pl\/wp-content\/uploads\/2021\/11\/20211116_085235-01-480x360.jpeg 480w, https:\/\/ostrowskatv.pl\/wp-content\/uploads\/2021\/11\/20211116_085235-01.jpeg 1366w\" sizes=\"auto, (max-width: 300px) 100vw, 300px\" \/><\/p>\n<p><img loading=\"lazy\" decoding=\"async\" class=\"alignnone size-medium wp-image-16909\" src=\"https:\/\/ostrowskatv.pl\/wp-content\/uploads\/2021\/11\/20211116_085425-01-300x225.jpeg\" alt=\"\" width=\"300\" height=\"225\" srcset=\"https:\/\/ostrowskatv.pl\/wp-content\/uploads\/2021\/11\/20211116_085425-01-300x225.jpeg 300w, https:\/\/ostrowskatv.pl\/wp-content\/uploads\/2021\/11\/20211116_085425-01-480x360.jpeg 480w, https:\/\/ostrowskatv.pl\/wp-content\/uploads\/2021\/11\/20211116_085425-01.jpeg 1366w\" sizes=\"auto, (max-width: 300px) 100vw, 300px\" \/><\/p>\n<p><img loading=\"lazy\" decoding=\"async\" class=\"alignnone size-medium wp-image-16910\" src=\"https:\/\/ostrowskatv.pl\/wp-content\/uploads\/2021\/11\/20211116_085431-01-300x187.jpeg\" alt=\"\" width=\"300\" height=\"187\" srcset=\"https:\/\/ostrowskatv.pl\/wp-content\/uploads\/2021\/11\/20211116_085431-01-300x187.jpeg 300w, https:\/\/ostrowskatv.pl\/wp-content\/uploads\/2021\/11\/20211116_085431-01-579x360.jpeg 579w, https:\/\/ostrowskatv.pl\/wp-content\/uploads\/2021\/11\/20211116_085431-01.jpeg 1366w\" sizes=\"auto, (max-width: 300px) 100vw, 300px\" \/><\/p>\n","protected":false},"excerpt":{"rendered":"Po godzinie 8 rano dosz\u0142o do morderstwa w Nowych Skalmierzycach. W budynku parterowym przy ulicy Polnej 17 s\u0105siad zamordowa\u0142 s\u0105siadk\u0119. M\u0119\u017cczyzna wszed\u0142 do \n<a class=\"moretag\" href=\"https:\/\/ostrowskatv.pl\/?p=16903\"> [...]<\/a>","protected":false},"author":1,"featured_media":16910,"comment_status":"open","ping_status":"closed","sticky":false,"template":"","format":"standard","meta":{"footnotes":""},"categories":[1],"tags":[174],"class_list":["post-16903","post","type-post","status-publish","format-standard","has-post-thumbnail","hentry","category-news","tag-morderstwo"],"_links":{"self":[{"href":"https:\/\/ostrowskatv.pl\/index.php?rest_route=\/wp\/v2\/posts\/16903","targetHints":{"allow":["GET"]}}],"collection":[{"href":"https:\/\/ostrowskatv.pl\/index.php?rest_route=\/wp\/v2\/posts"}],"about":[{"href":"https:\/\/ostrowskatv.pl\/index.php?rest_route=\/wp\/v2\/types\/post"}],"author":[{"embeddable":true,"href":"https:\/\/ostrowskatv.pl\/index.php?rest_route=\/wp\/v2\/users\/1"}],"replies":[{"embeddable":true,"href":"https:\/\/ostrowskatv.pl\/index.php?rest_route=%2Fwp%2Fv2%2Fcomments&post=16903"}],"version-history":[{"count":0,"href":"https:\/\/ostrowskatv.pl\/index.php?rest_route=\/wp\/v2\/posts\/16903\/revisions"}],"wp:featuredmedia":[{"embeddable":true,"href":"https:\/\/ostrowskatv.pl\/index.php?rest_route=\/wp\/v2\/media\/16910"}],"wp:attachment":[{"href":"https:\/\/ostrowskatv.pl\/index.php?rest_route=%2Fwp%2Fv2%2Fmedia&parent=16903"}],"wp:term":[{"taxonomy":"category","embeddable":true,"href":"https:\/\/ostrowskatv.pl\/index.php?rest_route=%2Fwp%2Fv2%2Fcategories&post=16903"},{"taxonomy":"post_tag","embeddable":true,"href":"https:\/\/ostrowskatv.pl\/index.php?rest_route=%2Fwp%2Fv2%2Ftags&post=16903"}],"curies":[{"name":"wp","href":"https:\/\/api.w.org\/{rel}","templated":true}]}}