{"id":1687,"date":"2016-06-17T15:21:04","date_gmt":"2016-06-17T14:21:04","guid":{"rendered":"http:\/\/ostrowska.tv\/?p=1687"},"modified":"2016-06-17T15:21:04","modified_gmt":"2016-06-17T14:21:04","slug":"wichury-namiot-z-przedszkola-na-drzewie","status":"publish","type":"post","link":"https:\/\/ostrowskatv.pl\/?p=1687","title":{"rendered":"Wichury: namiot z przedszkola na drzewie"},"content":{"rendered":"<p><strong>Porywisty wiatr spowodowa\u0142 w pi\u0105tkowe po\u0142udnie szereg interwencji stra\u017cy po\u017carnej. Najcz\u0119stszym powodem interwencji by\u0142y nad\u0142amane konary drzew, a tak\u017ce do\u015b\u0107 nietypowo usuwanie namiotu, kt\u00f3ry poszybowa\u0142 na drzewa. Stra\u017cacy na terenie powiatu ostrowskiego interweniowali kilkana\u015bcie razy. Najcz\u0119\u015bciej do powalonych drzew lub nad\u0142amanych ga\u0142\u0119zi, kt\u00f3re w jednym przypadku wyl\u0105dowa\u0142y na przeje\u017cd\u017caj\u0105cym samochodzie.<\/strong><\/p>\n<p>Do tego zdarzenia dosz\u0142o przy Ogr\u00f3dkach Jordanowskich, gdzie ga\u0142\u0105\u017a spad\u0142a na jad\u0105cego ulic\u0105 Pi\u0142sudskiego Opla, kt\u00f3rym podr\u00f3\u017cowa\u0142a kobieta wraz z ch\u0142opcem. Poza uszkodzeniem pow\u0142oki lakierniczej, dosz\u0142o do wgniecenia na dachu auta. Podr\u00f3\u017cuj\u0105cym nic si\u0119 nie sta\u0142o.<\/p>\n<div id='gallery-1' class='gallery galleryid-1687 gallery-columns-3 gallery-size-thumbnail'><figure class='gallery-item'>\n\t\t\t<div class='gallery-icon landscape'>\n\t\t\t\t<a href='https:\/\/ostrowskatv.pl\/?attachment_id=1688'><img loading=\"lazy\" decoding=\"async\" width=\"150\" height=\"150\" src=\"https:\/\/ostrowskatv.pl\/wp-content\/uploads\/2016\/06\/13479364_1127499743963617_1462392024_n-150x150.jpg\" class=\"attachment-thumbnail size-thumbnail\" alt=\"\" \/><\/a>\n\t\t\t<\/div><\/figure><figure class='gallery-item'>\n\t\t\t<div class='gallery-icon landscape'>\n\t\t\t\t<a href='https:\/\/ostrowskatv.pl\/?attachment_id=1689'><img loading=\"lazy\" decoding=\"async\" width=\"150\" height=\"150\" src=\"https:\/\/ostrowskatv.pl\/wp-content\/uploads\/2016\/06\/13487681_1127499763963615_1312226723_n-150x150.jpg\" class=\"attachment-thumbnail size-thumbnail\" alt=\"\" \/><\/a>\n\t\t\t<\/div><\/figure>\n\t\t<\/div>\n\n<p>Chwil\u0119 wcze\u015bniej konar drzewa przewali\u0142 si\u0119 z terenu szko\u0142y medycznej na chodnik i jeden pas Alei S\u0142owackiego.<\/p>\n<div id='gallery-2' class='gallery galleryid-1687 gallery-columns-3 gallery-size-thumbnail'><figure class='gallery-item'>\n\t\t\t<div class='gallery-icon landscape'>\n\t\t\t\t<a href='https:\/\/ostrowskatv.pl\/?attachment_id=1690'><img loading=\"lazy\" decoding=\"async\" width=\"150\" height=\"150\" src=\"https:\/\/ostrowskatv.pl\/wp-content\/uploads\/2016\/06\/13487486_1127499863963605_1599432229_n-150x150.jpg\" class=\"attachment-thumbnail size-thumbnail\" alt=\"\" \/><\/a>\n\t\t\t<\/div><\/figure><figure class='gallery-item'>\n\t\t\t<div class='gallery-icon landscape'>\n\t\t\t\t<a href='https:\/\/ostrowskatv.pl\/?attachment_id=1691'><img loading=\"lazy\" decoding=\"async\" width=\"150\" height=\"150\" src=\"https:\/\/ostrowskatv.pl\/wp-content\/uploads\/2016\/06\/13479419_1127499880630270_1773999180_n-150x150.jpg\" class=\"attachment-thumbnail size-thumbnail\" alt=\"\" \/><\/a>\n\t\t\t<\/div><\/figure>\n\t\t<\/div>\n\n<p>Do\u015b\u0107 niebezpiecznie by\u0142o na terenie Przedszkola &#8222;Kr\u0119pianie&#8221; przy ul. Profesora Kaliny, gdzie podmuch porwa\u0142 dwa du\u017ce namioty, kt\u00f3re sta\u0142y w cz\u0119\u015bci ogrodowo\/zabawowej przedszkola. Jeden z namiot\u00f3w przelecia\u0142 przez ogrodzenie i zatrzyma\u0142 si\u0119 na drzewach, a drugi zdo\u0142a\u0142 si\u0119 oprze\u0107 na ogrodzeniu przedszkola. Pracownice przedszkola na w\u0142asn\u0105 r\u0119k\u0119 zacz\u0119\u0142y rozbiera\u0107 jeden z namiot\u00f3w. Przy drugim, kt\u00f3ry by\u0142 zawieszony na drzewie pomogli ostrowscy stra\u017cacy.<\/p>\n<div id='gallery-3' class='gallery galleryid-1687 gallery-columns-3 gallery-size-thumbnail'><figure class='gallery-item'>\n\t\t\t<div class='gallery-icon landscape'>\n\t\t\t\t<a href='https:\/\/ostrowskatv.pl\/?attachment_id=1692'><img loading=\"lazy\" decoding=\"async\" width=\"150\" height=\"150\" src=\"https:\/\/ostrowskatv.pl\/wp-content\/uploads\/2016\/06\/13435768_1127499783963613_1654856168_n-150x150.jpg\" class=\"attachment-thumbnail size-thumbnail\" alt=\"\" \/><\/a>\n\t\t\t<\/div><\/figure><figure class='gallery-item'>\n\t\t\t<div class='gallery-icon landscape'>\n\t\t\t\t<a href='https:\/\/ostrowskatv.pl\/?attachment_id=1693'><img loading=\"lazy\" decoding=\"async\" width=\"150\" height=\"150\" src=\"https:\/\/ostrowskatv.pl\/wp-content\/uploads\/2016\/06\/13480017_1127499797296945_1826322143_n-150x150.jpg\" class=\"attachment-thumbnail size-thumbnail\" alt=\"\" \/><\/a>\n\t\t\t<\/div><\/figure>\n\t\t<\/div>\n\n","protected":false},"excerpt":{"rendered":"Porywisty wiatr spowodowa\u0142 w pi\u0105tkowe po\u0142udnie szereg interwencji stra\u017cy po\u017carnej. Najcz\u0119stszym powodem interwencji by\u0142y nad\u0142amane konary drzew, a tak\u017ce do\u015b\u0107 nietypowo usuwanie namiotu, \n<a class=\"moretag\" href=\"https:\/\/ostrowskatv.pl\/?p=1687\"> [...]<\/a>","protected":false},"author":1,"featured_media":1693,"comment_status":"open","ping_status":"open","sticky":false,"template":"","format":"standard","meta":{"footnotes":""},"categories":[1],"tags":[2],"class_list":["post-1687","post","type-post","status-publish","format-standard","has-post-thumbnail","hentry","category-news","tag-ostrow-wielkopolski"],"_links":{"self":[{"href":"https:\/\/ostrowskatv.pl\/index.php?rest_route=\/wp\/v2\/posts\/1687","targetHints":{"allow":["GET"]}}],"collection":[{"href":"https:\/\/ostrowskatv.pl\/index.php?rest_route=\/wp\/v2\/posts"}],"about":[{"href":"https:\/\/ostrowskatv.pl\/index.php?rest_route=\/wp\/v2\/types\/post"}],"author":[{"embeddable":true,"href":"https:\/\/ostrowskatv.pl\/index.php?rest_route=\/wp\/v2\/users\/1"}],"replies":[{"embeddable":true,"href":"https:\/\/ostrowskatv.pl\/index.php?rest_route=%2Fwp%2Fv2%2Fcomments&post=1687"}],"version-history":[{"count":0,"href":"https:\/\/ostrowskatv.pl\/index.php?rest_route=\/wp\/v2\/posts\/1687\/revisions"}],"wp:featuredmedia":[{"embeddable":true,"href":"https:\/\/ostrowskatv.pl\/index.php?rest_route=\/wp\/v2\/media\/1693"}],"wp:attachment":[{"href":"https:\/\/ostrowskatv.pl\/index.php?rest_route=%2Fwp%2Fv2%2Fmedia&parent=1687"}],"wp:term":[{"taxonomy":"category","embeddable":true,"href":"https:\/\/ostrowskatv.pl\/index.php?rest_route=%2Fwp%2Fv2%2Fcategories&post=1687"},{"taxonomy":"post_tag","embeddable":true,"href":"https:\/\/ostrowskatv.pl\/index.php?rest_route=%2Fwp%2Fv2%2Ftags&post=1687"}],"curies":[{"name":"wp","href":"https:\/\/api.w.org\/{rel}","templated":true}]}}