{"id":16841,"date":"2021-11-06T00:51:46","date_gmt":"2021-11-05T23:51:46","guid":{"rendered":"https:\/\/ostrowskatv.pl\/?p=16841"},"modified":"2021-11-06T00:51:46","modified_gmt":"2021-11-05T23:51:46","slug":"3-osoby-w-szpitalu-wypadek-na-alei-slowackiego","status":"publish","type":"post","link":"https:\/\/ostrowskatv.pl\/?p=16841","title":{"rendered":"3 osoby w szpitalu. Wypadek na Alei S\u0142owackiego"},"content":{"rendered":"<p><strong>Po godzinie 23 samoch\u00f3d osobowy roztrzaska\u0142 si\u0119 na Alei S\u0142owackiego w Ostrowie Wielkopolskim. Podr\u00f3\u017cowa\u0142y nim 4 osoby, z czego 3 trafi\u0142y do szpitala. <\/strong><\/p>\n<p>Do wypadku dosz\u0142o nallw pobli\u017cu skrzy\u017cowania z ulic\u0105 Brack\u0105. Ford zatrzyma\u0142 si\u0119 na poboczu.<\/p>\n<p><img loading=\"lazy\" decoding=\"async\" src=\"https:\/\/ostrowskatv.pl\/wp-content\/uploads\/2021\/11\/20211106_002750-01-300x157.jpeg\" alt=\"\" width=\"300\" height=\"157\" class=\"alignnone size-medium wp-image-16842\" srcset=\"https:\/\/ostrowskatv.pl\/wp-content\/uploads\/2021\/11\/20211106_002750-01-300x157.jpeg 300w, https:\/\/ostrowskatv.pl\/wp-content\/uploads\/2021\/11\/20211106_002750-01-640x335.jpeg 640w, https:\/\/ostrowskatv.pl\/wp-content\/uploads\/2021\/11\/20211106_002750-01.jpeg 1366w\" sizes=\"auto, (max-width: 300px) 100vw, 300px\" \/><\/p>\n<p><img loading=\"lazy\" decoding=\"async\" src=\"https:\/\/ostrowskatv.pl\/wp-content\/uploads\/2021\/11\/20211106_002803-01-300x166.jpeg\" alt=\"\" width=\"300\" height=\"166\" class=\"alignnone size-medium wp-image-16843\" srcset=\"https:\/\/ostrowskatv.pl\/wp-content\/uploads\/2021\/11\/20211106_002803-01-300x166.jpeg 300w, https:\/\/ostrowskatv.pl\/wp-content\/uploads\/2021\/11\/20211106_002803-01-640x353.jpeg 640w, https:\/\/ostrowskatv.pl\/wp-content\/uploads\/2021\/11\/20211106_002803-01.jpeg 1366w\" sizes=\"auto, (max-width: 300px) 100vw, 300px\" \/><\/p>\n<p><img loading=\"lazy\" decoding=\"async\" src=\"https:\/\/ostrowskatv.pl\/wp-content\/uploads\/2021\/11\/20211106_002814-01-300x212.jpeg\" alt=\"\" width=\"300\" height=\"212\" class=\"alignnone size-medium wp-image-16844\" srcset=\"https:\/\/ostrowskatv.pl\/wp-content\/uploads\/2021\/11\/20211106_002814-01-300x212.jpeg 300w, https:\/\/ostrowskatv.pl\/wp-content\/uploads\/2021\/11\/20211106_002814-01-509x360.jpeg 509w, https:\/\/ostrowskatv.pl\/wp-content\/uploads\/2021\/11\/20211106_002814-01-120x85.jpeg 120w, https:\/\/ostrowskatv.pl\/wp-content\/uploads\/2021\/11\/20211106_002814-01.jpeg 1366w\" sizes=\"auto, (max-width: 300px) 100vw, 300px\" \/><\/p>\n<p><img loading=\"lazy\" decoding=\"async\" src=\"https:\/\/ostrowskatv.pl\/wp-content\/uploads\/2021\/11\/20211106_002827-01-300x220.jpeg\" alt=\"\" width=\"300\" height=\"220\" class=\"alignnone size-medium wp-image-16845\" srcset=\"https:\/\/ostrowskatv.pl\/wp-content\/uploads\/2021\/11\/20211106_002827-01-300x220.jpeg 300w, https:\/\/ostrowskatv.pl\/wp-content\/uploads\/2021\/11\/20211106_002827-01-491x360.jpeg 491w, https:\/\/ostrowskatv.pl\/wp-content\/uploads\/2021\/11\/20211106_002827-01.jpeg 1366w\" sizes=\"auto, (max-width: 300px) 100vw, 300px\" \/><\/p>\n","protected":false},"excerpt":{"rendered":"Po godzinie 23 samoch\u00f3d osobowy roztrzaska\u0142 si\u0119 na Alei S\u0142owackiego w Ostrowie Wielkopolskim. Podr\u00f3\u017cowa\u0142y nim 4 osoby, z czego 3 trafi\u0142y do szpitala. \n<a class=\"moretag\" href=\"https:\/\/ostrowskatv.pl\/?p=16841\"> [...]<\/a>","protected":false},"author":1,"featured_media":16844,"comment_status":"open","ping_status":"closed","sticky":false,"template":"","format":"standard","meta":{"footnotes":""},"categories":[1],"tags":[2],"class_list":["post-16841","post","type-post","status-publish","format-standard","has-post-thumbnail","hentry","category-news","tag-ostrow-wielkopolski"],"_links":{"self":[{"href":"https:\/\/ostrowskatv.pl\/index.php?rest_route=\/wp\/v2\/posts\/16841","targetHints":{"allow":["GET"]}}],"collection":[{"href":"https:\/\/ostrowskatv.pl\/index.php?rest_route=\/wp\/v2\/posts"}],"about":[{"href":"https:\/\/ostrowskatv.pl\/index.php?rest_route=\/wp\/v2\/types\/post"}],"author":[{"embeddable":true,"href":"https:\/\/ostrowskatv.pl\/index.php?rest_route=\/wp\/v2\/users\/1"}],"replies":[{"embeddable":true,"href":"https:\/\/ostrowskatv.pl\/index.php?rest_route=%2Fwp%2Fv2%2Fcomments&post=16841"}],"version-history":[{"count":0,"href":"https:\/\/ostrowskatv.pl\/index.php?rest_route=\/wp\/v2\/posts\/16841\/revisions"}],"wp:featuredmedia":[{"embeddable":true,"href":"https:\/\/ostrowskatv.pl\/index.php?rest_route=\/wp\/v2\/media\/16844"}],"wp:attachment":[{"href":"https:\/\/ostrowskatv.pl\/index.php?rest_route=%2Fwp%2Fv2%2Fmedia&parent=16841"}],"wp:term":[{"taxonomy":"category","embeddable":true,"href":"https:\/\/ostrowskatv.pl\/index.php?rest_route=%2Fwp%2Fv2%2Fcategories&post=16841"},{"taxonomy":"post_tag","embeddable":true,"href":"https:\/\/ostrowskatv.pl\/index.php?rest_route=%2Fwp%2Fv2%2Ftags&post=16841"}],"curies":[{"name":"wp","href":"https:\/\/api.w.org\/{rel}","templated":true}]}}