{"id":1684,"date":"2016-06-17T14:23:22","date_gmt":"2016-06-17T13:23:22","guid":{"rendered":"http:\/\/ostrowska.tv\/?p=1684"},"modified":"2016-06-17T14:23:22","modified_gmt":"2016-06-17T13:23:22","slug":"kontrowersje-wokol-konkursu-na-dyrektora-nauczycielki-przedobrzyly","status":"publish","type":"post","link":"https:\/\/ostrowskatv.pl\/?p=1684","title":{"rendered":"Kontrowersje wok\u00f3\u0142 konkursu na dyrektora. Nauczycielki &#8222;przedobrzy\u0142y&#8221;?"},"content":{"rendered":"<p><strong>Nauczycielki jednej z ostrowskich szk\u00f3\u0142 stworzy\u0142y list\u0119 poparcia dla wicedyrektorki, kt\u00f3ra ubiega si\u0119 obecnie o stanowisko dyrektora. Ich zachowanie wywo\u0142a\u0142o du\u017ce poruszenie. Niekt\u00f3rzy odebrali to jako szanta\u017c. Podpisali, bo obawiali si\u0119 utraty pracy.<\/strong><\/p>\n<p>Chodzi o Szko\u0142\u0119 Podstawow\u0105 numer 9. Obecnie trwa tam konkurs na stanowisko dyrektora. Startuje w nim mi\u0119dzy innymi aktualna wicedyrektor Maria Gryczka. Jak si\u0119 okazuje, ma ona du\u017ce poparcie kilku nauczycieli pracuj\u0105cych aktualnie w tej plac\u00f3wce. Co najmniej dwie nauczycielki zbiera\u0142y ostatnio podpisy pod list\u0105 poparcia dla jej kandydatury.<\/p>\n<p>Pracownicy, zw\u0142aszcza ci, kt\u00f3rym ko\u0144czy si\u0119 wkr\u00f3tce umowa, odebrali to zachowanie jako szanta\u017c. Twierdzili, \u017ce zostali postawieni pod \u015bcian\u0105. Musieli podpisa\u0107, \u017ceby nie podpa\u015b\u0107 aktualnej wicedyrektor, kt\u00f3ra b\u0119dzie jeszcze odpowiada\u0107 niebawem za przed\u0142u\u017cenie um\u00f3w. A w szkole jest kilka os\u00f3b, kt\u00f3rym si\u0119 one lada chwila ko\u0144cz\u0105.<\/p>\n<p>Maria Gryczka przyzna\u0142a, \u017ce dowiedzia\u0142a si\u0119 o tym procederze, jednak podkre\u015bli\u0142a, \u017ce to nie ona inspirowa\u0142a takie dzia\u0142ania. Wspomniane nauczycielki takie praktyki mia\u0142y podj\u0105\u0107 z w\u0142asnej inicjatywy.<\/p>\n<p>Sprawa wzbudzi\u0142a pewien niesmak. Maria Gryczka ma nadziej\u0119, \u017ce do podobnych sytuacji nie b\u0119dzie ju\u017c dochodzi\u0107. W rozmowie z nasz\u0105 redakcj\u0105 podkre\u015bli\u0142a, \u017ce chce, by konkurs odbywa\u0142 si\u0119 w zdrowej atmosferze, a dyrektorem zosta\u0142 najlepszy z kandydat\u00f3w, kt\u00f3ry zapewni szkole dalszy rozw\u00f3j. Je\u015bli rzeczywi\u015bcie nie wiedzia\u0142a o tych niezdrowych dzia\u0142aniach, to mo\u017cna powiedzie\u0107, \u017ce nauczycielki, kt\u00f3re chcia\u0142y jej pom\u00f3c, tak naprawd\u0119 tym razem zaszkodzi\u0142y.<\/p>\n","protected":false},"excerpt":{"rendered":"Nauczycielki jednej z ostrowskich szk\u00f3\u0142 stworzy\u0142y list\u0119 poparcia dla wicedyrektorki, kt\u00f3ra ubiega si\u0119 obecnie o stanowisko dyrektora. Ich zachowanie wywo\u0142a\u0142o du\u017ce poruszenie. Niekt\u00f3rzy \n<a class=\"moretag\" href=\"https:\/\/ostrowskatv.pl\/?p=1684\"> [...]<\/a>","protected":false},"author":1,"featured_media":1685,"comment_status":"open","ping_status":"open","sticky":false,"template":"","format":"standard","meta":{"footnotes":""},"categories":[1],"tags":[2],"class_list":["post-1684","post","type-post","status-publish","format-standard","has-post-thumbnail","hentry","category-news","tag-ostrow-wielkopolski"],"_links":{"self":[{"href":"https:\/\/ostrowskatv.pl\/index.php?rest_route=\/wp\/v2\/posts\/1684","targetHints":{"allow":["GET"]}}],"collection":[{"href":"https:\/\/ostrowskatv.pl\/index.php?rest_route=\/wp\/v2\/posts"}],"about":[{"href":"https:\/\/ostrowskatv.pl\/index.php?rest_route=\/wp\/v2\/types\/post"}],"author":[{"embeddable":true,"href":"https:\/\/ostrowskatv.pl\/index.php?rest_route=\/wp\/v2\/users\/1"}],"replies":[{"embeddable":true,"href":"https:\/\/ostrowskatv.pl\/index.php?rest_route=%2Fwp%2Fv2%2Fcomments&post=1684"}],"version-history":[{"count":0,"href":"https:\/\/ostrowskatv.pl\/index.php?rest_route=\/wp\/v2\/posts\/1684\/revisions"}],"wp:featuredmedia":[{"embeddable":true,"href":"https:\/\/ostrowskatv.pl\/index.php?rest_route=\/wp\/v2\/media\/1685"}],"wp:attachment":[{"href":"https:\/\/ostrowskatv.pl\/index.php?rest_route=%2Fwp%2Fv2%2Fmedia&parent=1684"}],"wp:term":[{"taxonomy":"category","embeddable":true,"href":"https:\/\/ostrowskatv.pl\/index.php?rest_route=%2Fwp%2Fv2%2Fcategories&post=1684"},{"taxonomy":"post_tag","embeddable":true,"href":"https:\/\/ostrowskatv.pl\/index.php?rest_route=%2Fwp%2Fv2%2Ftags&post=1684"}],"curies":[{"name":"wp","href":"https:\/\/api.w.org\/{rel}","templated":true}]}}