{"id":16833,"date":"2021-11-05T13:00:18","date_gmt":"2021-11-05T12:00:18","guid":{"rendered":"https:\/\/ostrowskatv.pl\/?p=16833"},"modified":"2021-11-05T13:00:18","modified_gmt":"2021-11-05T12:00:18","slug":"powazne-potracenie-przy-mieszkaniach-socjalnych-na-wroclawskiej","status":"publish","type":"post","link":"https:\/\/ostrowskatv.pl\/?p=16833","title":{"rendered":"Powa\u017cne potr\u0105cenie przy mieszkaniach socjalnych na Wroc\u0142awskiej"},"content":{"rendered":"<p><strong>Oko\u0142o godziny 12.30 dosz\u0142o do powa\u017cnego potr\u0105cenia w rejonie budynk\u00f3w socjalnych przy ulicy Wroc\u0142awskiej w Ostrowie Wielkopolskim. <\/strong><\/p>\n<p>Na przej\u015bciu dla pieszych zosta\u0142a potr\u0105cona oko\u0142o 60-letnia kobieta przez samoch\u00f3d daewoo lanos prowadzony przez oko\u0142o 55-letniego m\u0119\u017cczyzn\u0119.<\/p>\n<p>Kobieta uderzy\u0142a g\u0142ow\u0105 w przedni\u0105 szyb\u0119 i do czasu przyjazdu s\u0142u\u017cb ratunkowych le\u017ca\u0142a na poboczu. Do akcji poza karetk\u0105 i policj\u0105 wys\u0142ano tak\u017ce dwa zast\u0119py stra\u017cy po\u017carnej.<\/p>\n<p><img loading=\"lazy\" decoding=\"async\" src=\"https:\/\/ostrowskatv.pl\/wp-content\/uploads\/2021\/11\/20211105_124523-01-300x190.jpeg\" alt=\"\" width=\"300\" height=\"190\" class=\"alignnone size-medium wp-image-16834\" srcset=\"https:\/\/ostrowskatv.pl\/wp-content\/uploads\/2021\/11\/20211105_124523-01-300x190.jpeg 300w, https:\/\/ostrowskatv.pl\/wp-content\/uploads\/2021\/11\/20211105_124523-01-570x360.jpeg 570w, https:\/\/ostrowskatv.pl\/wp-content\/uploads\/2021\/11\/20211105_124523-01.jpeg 1366w\" sizes=\"auto, (max-width: 300px) 100vw, 300px\" \/><\/p>\n<p><img loading=\"lazy\" decoding=\"async\" src=\"https:\/\/ostrowskatv.pl\/wp-content\/uploads\/2021\/11\/20211105_124232-01-300x162.jpeg\" alt=\"\" width=\"300\" height=\"162\" class=\"alignnone size-medium wp-image-16835\" srcset=\"https:\/\/ostrowskatv.pl\/wp-content\/uploads\/2021\/11\/20211105_124232-01-300x162.jpeg 300w, https:\/\/ostrowskatv.pl\/wp-content\/uploads\/2021\/11\/20211105_124232-01-640x345.jpeg 640w, https:\/\/ostrowskatv.pl\/wp-content\/uploads\/2021\/11\/20211105_124232-01.jpeg 1366w\" sizes=\"auto, (max-width: 300px) 100vw, 300px\" \/><\/p>\n<p><img loading=\"lazy\" decoding=\"async\" src=\"https:\/\/ostrowskatv.pl\/wp-content\/uploads\/2021\/11\/20211105_124227-01-300x225.jpeg\" alt=\"\" width=\"300\" height=\"225\" class=\"alignnone size-medium wp-image-16836\" srcset=\"https:\/\/ostrowskatv.pl\/wp-content\/uploads\/2021\/11\/20211105_124227-01-300x225.jpeg 300w, https:\/\/ostrowskatv.pl\/wp-content\/uploads\/2021\/11\/20211105_124227-01-480x360.jpeg 480w, https:\/\/ostrowskatv.pl\/wp-content\/uploads\/2021\/11\/20211105_124227-01.jpeg 1366w\" sizes=\"auto, (max-width: 300px) 100vw, 300px\" \/><\/p>\n<p><img loading=\"lazy\" decoding=\"async\" src=\"https:\/\/ostrowskatv.pl\/wp-content\/uploads\/2021\/11\/20211105_124152-01-300x225.jpeg\" alt=\"\" width=\"300\" height=\"225\" class=\"alignnone size-medium wp-image-16837\" srcset=\"https:\/\/ostrowskatv.pl\/wp-content\/uploads\/2021\/11\/20211105_124152-01-300x225.jpeg 300w, https:\/\/ostrowskatv.pl\/wp-content\/uploads\/2021\/11\/20211105_124152-01-480x360.jpeg 480w, https:\/\/ostrowskatv.pl\/wp-content\/uploads\/2021\/11\/20211105_124152-01.jpeg 1366w\" sizes=\"auto, (max-width: 300px) 100vw, 300px\" \/><\/p>\n<p><img loading=\"lazy\" decoding=\"async\" src=\"https:\/\/ostrowskatv.pl\/wp-content\/uploads\/2021\/11\/20211105_124105-01-300x181.jpeg\" alt=\"\" width=\"300\" height=\"181\" class=\"alignnone size-medium wp-image-16838\" srcset=\"https:\/\/ostrowskatv.pl\/wp-content\/uploads\/2021\/11\/20211105_124105-01-300x181.jpeg 300w, https:\/\/ostrowskatv.pl\/wp-content\/uploads\/2021\/11\/20211105_124105-01-598x360.jpeg 598w, https:\/\/ostrowskatv.pl\/wp-content\/uploads\/2021\/11\/20211105_124105-01.jpeg 1366w\" sizes=\"auto, (max-width: 300px) 100vw, 300px\" \/><\/p>\n","protected":false},"excerpt":{"rendered":"Oko\u0142o godziny 12.30 dosz\u0142o do powa\u017cnego potr\u0105cenia w rejonie budynk\u00f3w socjalnych przy ulicy Wroc\u0142awskiej w Ostrowie Wielkopolskim. Na przej\u015bciu dla pieszych zosta\u0142a potr\u0105cona \n<a class=\"moretag\" href=\"https:\/\/ostrowskatv.pl\/?p=16833\"> [...]<\/a>","protected":false},"author":1,"featured_media":16834,"comment_status":"open","ping_status":"closed","sticky":false,"template":"","format":"standard","meta":{"footnotes":""},"categories":[1],"tags":[2],"class_list":["post-16833","post","type-post","status-publish","format-standard","has-post-thumbnail","hentry","category-news","tag-ostrow-wielkopolski"],"_links":{"self":[{"href":"https:\/\/ostrowskatv.pl\/index.php?rest_route=\/wp\/v2\/posts\/16833","targetHints":{"allow":["GET"]}}],"collection":[{"href":"https:\/\/ostrowskatv.pl\/index.php?rest_route=\/wp\/v2\/posts"}],"about":[{"href":"https:\/\/ostrowskatv.pl\/index.php?rest_route=\/wp\/v2\/types\/post"}],"author":[{"embeddable":true,"href":"https:\/\/ostrowskatv.pl\/index.php?rest_route=\/wp\/v2\/users\/1"}],"replies":[{"embeddable":true,"href":"https:\/\/ostrowskatv.pl\/index.php?rest_route=%2Fwp%2Fv2%2Fcomments&post=16833"}],"version-history":[{"count":0,"href":"https:\/\/ostrowskatv.pl\/index.php?rest_route=\/wp\/v2\/posts\/16833\/revisions"}],"wp:featuredmedia":[{"embeddable":true,"href":"https:\/\/ostrowskatv.pl\/index.php?rest_route=\/wp\/v2\/media\/16834"}],"wp:attachment":[{"href":"https:\/\/ostrowskatv.pl\/index.php?rest_route=%2Fwp%2Fv2%2Fmedia&parent=16833"}],"wp:term":[{"taxonomy":"category","embeddable":true,"href":"https:\/\/ostrowskatv.pl\/index.php?rest_route=%2Fwp%2Fv2%2Fcategories&post=16833"},{"taxonomy":"post_tag","embeddable":true,"href":"https:\/\/ostrowskatv.pl\/index.php?rest_route=%2Fwp%2Fv2%2Ftags&post=16833"}],"curies":[{"name":"wp","href":"https:\/\/api.w.org\/{rel}","templated":true}]}}