{"id":16827,"date":"2021-11-03T13:09:52","date_gmt":"2021-11-03T12:09:52","guid":{"rendered":"https:\/\/ostrowskatv.pl\/?p=16827"},"modified":"2021-11-03T13:09:52","modified_gmt":"2021-11-03T12:09:52","slug":"wypadek-przed-kauflandem-mitsubishi-i-peugeot","status":"publish","type":"post","link":"https:\/\/ostrowskatv.pl\/?p=16827","title":{"rendered":"Wypadek przed Kauflandem. Mitsubishi i peugeot"},"content":{"rendered":"<p><strong>W samo po\u0142udnie dosz\u0142o do mocniejszego zderzenia dw\u00f3ch aut osobowych na parkingu przed marketem Kaufland. Jed a osoba zosta\u0142a poszkodowana i przetransportowana do szpitala. <\/strong><\/p>\n<p>Kobieta kieruj\u0105ca mitsubishi jecha\u0142a od strony biedronki w kierunku hali sportowej arena. Przemieszczaj\u0105c si\u0119 w strefie ruchu nie zastosowa\u0142a si\u0119 do zasady prawej r\u0119ki i wjecha\u0142a w bok peugeota jad\u0105cego z prawej strony od ulicy Wojska Polskiego.<\/p>\n<p>Oko\u0142o 40-letnia kobieta z peugeota dosz\u0142a do karetki o w\u0142asnych si\u0142ach, ale by\u0142o wida\u0107, \u017ce sprawia jej to b\u00f3l. Trwa ustalanie jej obra\u017ce\u0144 cia\u0142a.<\/p>\n<p><img loading=\"lazy\" decoding=\"async\" class=\"alignnone size-medium wp-image-16828\" src=\"https:\/\/ostrowskatv.pl\/wp-content\/uploads\/2021\/11\/20211103_121022-01-300x225.jpeg\" alt=\"\" width=\"300\" height=\"225\" srcset=\"https:\/\/ostrowskatv.pl\/wp-content\/uploads\/2021\/11\/20211103_121022-01-300x225.jpeg 300w, https:\/\/ostrowskatv.pl\/wp-content\/uploads\/2021\/11\/20211103_121022-01-480x360.jpeg 480w, https:\/\/ostrowskatv.pl\/wp-content\/uploads\/2021\/11\/20211103_121022-01.jpeg 1366w\" sizes=\"auto, (max-width: 300px) 100vw, 300px\" \/> <img loading=\"lazy\" decoding=\"async\" class=\"alignnone size-medium wp-image-16829\" src=\"https:\/\/ostrowskatv.pl\/wp-content\/uploads\/2021\/11\/20211103_121103-01-300x225.jpeg\" alt=\"\" width=\"300\" height=\"225\" srcset=\"https:\/\/ostrowskatv.pl\/wp-content\/uploads\/2021\/11\/20211103_121103-01-300x225.jpeg 300w, https:\/\/ostrowskatv.pl\/wp-content\/uploads\/2021\/11\/20211103_121103-01-480x360.jpeg 480w, https:\/\/ostrowskatv.pl\/wp-content\/uploads\/2021\/11\/20211103_121103-01.jpeg 1366w\" sizes=\"auto, (max-width: 300px) 100vw, 300px\" \/> <img loading=\"lazy\" decoding=\"async\" class=\"alignnone size-medium wp-image-16830\" src=\"https:\/\/ostrowskatv.pl\/wp-content\/uploads\/2021\/11\/20211103_121232-01-300x225.jpeg\" alt=\"\" width=\"300\" height=\"225\" srcset=\"https:\/\/ostrowskatv.pl\/wp-content\/uploads\/2021\/11\/20211103_121232-01-300x225.jpeg 300w, https:\/\/ostrowskatv.pl\/wp-content\/uploads\/2021\/11\/20211103_121232-01-480x360.jpeg 480w, https:\/\/ostrowskatv.pl\/wp-content\/uploads\/2021\/11\/20211103_121232-01.jpeg 1366w\" sizes=\"auto, (max-width: 300px) 100vw, 300px\" \/> <img loading=\"lazy\" decoding=\"async\" class=\"alignnone size-medium wp-image-16831\" src=\"https:\/\/ostrowskatv.pl\/wp-content\/uploads\/2021\/11\/20211103_123422-01-300x225.jpeg\" alt=\"\" width=\"300\" height=\"225\" srcset=\"https:\/\/ostrowskatv.pl\/wp-content\/uploads\/2021\/11\/20211103_123422-01-300x225.jpeg 300w, https:\/\/ostrowskatv.pl\/wp-content\/uploads\/2021\/11\/20211103_123422-01-480x360.jpeg 480w, https:\/\/ostrowskatv.pl\/wp-content\/uploads\/2021\/11\/20211103_123422-01.jpeg 1366w\" sizes=\"auto, (max-width: 300px) 100vw, 300px\" \/><\/p>\n","protected":false},"excerpt":{"rendered":"W samo po\u0142udnie dosz\u0142o do mocniejszego zderzenia dw\u00f3ch aut osobowych na parkingu przed marketem Kaufland. Jed a osoba zosta\u0142a poszkodowana i przetransportowana do \n<a class=\"moretag\" href=\"https:\/\/ostrowskatv.pl\/?p=16827\"> [...]<\/a>","protected":false},"author":1,"featured_media":16829,"comment_status":"open","ping_status":"closed","sticky":false,"template":"","format":"standard","meta":{"footnotes":""},"categories":[1],"tags":[48],"class_list":["post-16827","post","type-post","status-publish","format-standard","has-post-thumbnail","hentry","category-news","tag-kolizja"],"_links":{"self":[{"href":"https:\/\/ostrowskatv.pl\/index.php?rest_route=\/wp\/v2\/posts\/16827","targetHints":{"allow":["GET"]}}],"collection":[{"href":"https:\/\/ostrowskatv.pl\/index.php?rest_route=\/wp\/v2\/posts"}],"about":[{"href":"https:\/\/ostrowskatv.pl\/index.php?rest_route=\/wp\/v2\/types\/post"}],"author":[{"embeddable":true,"href":"https:\/\/ostrowskatv.pl\/index.php?rest_route=\/wp\/v2\/users\/1"}],"replies":[{"embeddable":true,"href":"https:\/\/ostrowskatv.pl\/index.php?rest_route=%2Fwp%2Fv2%2Fcomments&post=16827"}],"version-history":[{"count":0,"href":"https:\/\/ostrowskatv.pl\/index.php?rest_route=\/wp\/v2\/posts\/16827\/revisions"}],"wp:featuredmedia":[{"embeddable":true,"href":"https:\/\/ostrowskatv.pl\/index.php?rest_route=\/wp\/v2\/media\/16829"}],"wp:attachment":[{"href":"https:\/\/ostrowskatv.pl\/index.php?rest_route=%2Fwp%2Fv2%2Fmedia&parent=16827"}],"wp:term":[{"taxonomy":"category","embeddable":true,"href":"https:\/\/ostrowskatv.pl\/index.php?rest_route=%2Fwp%2Fv2%2Fcategories&post=16827"},{"taxonomy":"post_tag","embeddable":true,"href":"https:\/\/ostrowskatv.pl\/index.php?rest_route=%2Fwp%2Fv2%2Ftags&post=16827"}],"curies":[{"name":"wp","href":"https:\/\/api.w.org\/{rel}","templated":true}]}}